{"id":1481,"date":"2018-10-31T18:39:25","date_gmt":"2018-10-31T18:39:25","guid":{"rendered":"https:\/\/unila.edu.br\/umapas\/?p=1481"},"modified":"2019-10-08T17:06:14","modified_gmt":"2019-10-08T17:06:14","slug":"universidade-federal-do-acre-ufac-4","status":"publish","type":"post","link":"https:\/\/divulga.unila.edu.br\/umapas\/?p=1481","title":{"rendered":"Universidade Federal do Acre &#8211; UFAC &#8211; Pl\u00e1cido de Castro"},"content":{"rendered":"<p><strong>Nome da IES:<\/strong> Universidade Federal do Acre &#8211; UFAC &#8211; Pl\u00e1cido de Castro<\/p>\n<p><strong>Perfil:<\/strong> N\u00facleo de Interioriza\u00e7\u00e3o<\/p>\n<p><strong>Cidade:<\/strong> Pl\u00e1cido de Castro &#8211; AC<\/p>\n<p><strong>Dist\u00e2ncia aproximada da fronteira:<\/strong> 678mt<\/p>\n<p><strong>Contato:<\/strong> Prof\u00aa. Dr\u00aa. Margarida de Aquino Cunha &#8211; Assessora de Coopera\u00e7\u00e3o Interinstitucional cooperacao.ufac@gmail.com (68) 3901-2638 \/ 3229-2909<\/p>\n<p>http:\/\/www.ufac.br<\/p>\n","protected":false},"excerpt":{"rendered":"<p>Nome da IES: Universidade Federal do Acre &#8211; UFAC &#8211; Pl\u00e1cido de Castro Perfil: N\u00facleo de Interioriza\u00e7\u00e3o Cidade: Pl\u00e1cido de Castro &#8211; AC Dist\u00e2ncia aproximada da fronteira: 678mt Contato: Prof\u00aa. Dr\u00aa. Margarida de Aquino Cunha &#8211; Assessora de Coopera\u00e7\u00e3o Interinstitucional cooperacao.ufac@gmail.com (68) 3901-2638 \/ 3229-2909 http:\/\/www.ufac.br<\/p>\n","protected":false},"author":10,"featured_media":0,"comment_status":"closed","ping_status":"open","sticky":false,"template":"","format":"standard","meta":{"footnotes":""},"categories":[98,80,91,96,79],"tags":[],"class_list":["post-1481","post","type-post","status-publish","format-standard","hentry","category-ate-50km","category-federal","category-nucleo-de-interiorizacao","category-universidade","category-universidades-de-fronteira"],"_links":{"self":[{"href":"https:\/\/divulga.unila.edu.br\/umapas\/index.php?rest_route=\/wp\/v2\/posts\/1481","targetHints":{"allow":["GET"]}}],"collection":[{"href":"https:\/\/divulga.unila.edu.br\/umapas\/index.php?rest_route=\/wp\/v2\/posts"}],"about":[{"href":"https:\/\/divulga.unila.edu.br\/umapas\/index.php?rest_route=\/wp\/v2\/types\/post"}],"author":[{"embeddable":true,"href":"https:\/\/divulga.unila.edu.br\/umapas\/index.php?rest_route=\/wp\/v2\/users\/10"}],"replies":[{"embeddable":true,"href":"https:\/\/divulga.unila.edu.br\/umapas\/index.php?rest_route=%2Fwp%2Fv2%2Fcomments&post=1481"}],"version-history":[{"count":2,"href":"https:\/\/divulga.unila.edu.br\/umapas\/index.php?rest_route=\/wp\/v2\/posts\/1481\/revisions"}],"predecessor-version":[{"id":1518,"href":"https:\/\/divulga.unila.edu.br\/umapas\/index.php?rest_route=\/wp\/v2\/posts\/1481\/revisions\/1518"}],"wp:attachment":[{"href":"https:\/\/divulga.unila.edu.br\/umapas\/index.php?rest_route=%2Fwp%2Fv2%2Fmedia&parent=1481"}],"wp:term":[{"taxonomy":"category","embeddable":true,"href":"https:\/\/divulga.unila.edu.br\/umapas\/index.php?rest_route=%2Fwp%2Fv2%2Fcategories&post=1481"},{"taxonomy":"post_tag","embeddable":true,"href":"https:\/\/divulga.unila.edu.br\/umapas\/index.php?rest_route=%2Fwp%2Fv2%2Ftags&post=1481"}],"curies":[{"name":"wp","href":"https:\/\/api.w.org\/{rel}","templated":true}]}}