{"id":14808,"date":"2023-02-08T15:50:48","date_gmt":"2023-02-08T18:50:48","guid":{"rendered":"https:\/\/unila.edu.br\/umapas\/?p=14808"},"modified":"2023-02-08T15:50:48","modified_gmt":"2023-02-08T18:50:48","slug":"las-ruedas-de-conversas-y-el-arte-mural-como-mediaciones-para-el-rescate-de-memoria-y-la-historia-de-las-mujeres-militantes-del-mst-parana-2","status":"publish","type":"post","link":"https:\/\/divulga.unila.edu.br\/umapas\/?p=14808","title":{"rendered":"Las ruedas de conversas y el arte mural como mediaciones para el rescate de memoria y la hist\u00f3ria de las mujeres militantes del MST-Paran\u00e1"},"content":{"rendered":"<p style=\"text-align: justify;\"><strong>Coordenadora:<\/strong> Roberta Sperandio Traspadini<\/p>\n<p style=\"text-align: justify;\"><strong>Contato:<\/strong> roberta.traspadini@unila.edu.br<\/p>\n<p><strong>Local de realiza\u00e7\u00e3o:<\/strong> Acampamento Sebasti\u00e3o Camargo &#8211; Assentamento Ant\u00f4nio Companheiro Tavares (MST) &#8211; BR-277, 0, Comunidade de Nova Roma, S\u00e3o Miguel do Igua\u00e7u, Paran\u00e1 &#8211; Brasil.<\/p>\n<p><strong>Para mais informa\u00e7\u00f5es, acesse: <\/strong><a href=\"https:\/\/sig.unila.edu.br\/sigaa\/link\/public\/extensao\/visualizacaoAcaoExtensao\/91795700\" target=\"_blank\">https:\/\/sig.unila.edu.br\/sigaa\/link\/public\/extensao\/visualizacaoAcaoExtensao\/91795700<\/a><strong><br \/>\n<\/strong><\/p>\n","protected":false},"excerpt":{"rendered":"<p>Coordenadora: Roberta Sperandio Traspadini Contato: roberta.traspadini@unila.edu.br Local de realiza\u00e7\u00e3o: Acampamento Sebasti\u00e3o Camargo &#8211; Assentamento Ant\u00f4nio Companheiro Tavares (MST) &#8211; BR-277, 0, Comunidade de Nova Roma, S\u00e3o Miguel do Igua\u00e7u, Paran\u00e1 &#8211; Brasil. Para mais informa\u00e7\u00f5es, acesse: https:\/\/sig.unila.edu.br\/sigaa\/link\/public\/extensao\/visualizacaoAcaoExtensao\/91795700<\/p>\n","protected":false},"author":2,"featured_media":0,"comment_status":"closed","ping_status":"open","sticky":false,"template":"","format":"standard","meta":{"footnotes":""},"categories":[42,50,43],"tags":[],"class_list":["post-14808","post","type-post","status-publish","format-standard","hentry","category-acao-de-extensao","category-cultura-e-artes","category-projeto"],"_links":{"self":[{"href":"https:\/\/divulga.unila.edu.br\/umapas\/index.php?rest_route=\/wp\/v2\/posts\/14808","targetHints":{"allow":["GET"]}}],"collection":[{"href":"https:\/\/divulga.unila.edu.br\/umapas\/index.php?rest_route=\/wp\/v2\/posts"}],"about":[{"href":"https:\/\/divulga.unila.edu.br\/umapas\/index.php?rest_route=\/wp\/v2\/types\/post"}],"author":[{"embeddable":true,"href":"https:\/\/divulga.unila.edu.br\/umapas\/index.php?rest_route=\/wp\/v2\/users\/2"}],"replies":[{"embeddable":true,"href":"https:\/\/divulga.unila.edu.br\/umapas\/index.php?rest_route=%2Fwp%2Fv2%2Fcomments&post=14808"}],"version-history":[{"count":1,"href":"https:\/\/divulga.unila.edu.br\/umapas\/index.php?rest_route=\/wp\/v2\/posts\/14808\/revisions"}],"predecessor-version":[{"id":14811,"href":"https:\/\/divulga.unila.edu.br\/umapas\/index.php?rest_route=\/wp\/v2\/posts\/14808\/revisions\/14811"}],"wp:attachment":[{"href":"https:\/\/divulga.unila.edu.br\/umapas\/index.php?rest_route=%2Fwp%2Fv2%2Fmedia&parent=14808"}],"wp:term":[{"taxonomy":"category","embeddable":true,"href":"https:\/\/divulga.unila.edu.br\/umapas\/index.php?rest_route=%2Fwp%2Fv2%2Fcategories&post=14808"},{"taxonomy":"post_tag","embeddable":true,"href":"https:\/\/divulga.unila.edu.br\/umapas\/index.php?rest_route=%2Fwp%2Fv2%2Ftags&post=14808"}],"curies":[{"name":"wp","href":"https:\/\/api.w.org\/{rel}","templated":true}]}}