{"id":1479,"date":"2018-10-31T15:01:21","date_gmt":"2018-10-31T15:01:21","guid":{"rendered":"https:\/\/unila.edu.br\/umapas\/?p=1479"},"modified":"2019-10-08T17:06:59","modified_gmt":"2019-10-08T17:06:59","slug":"universidade-federal-do-acre-ufac-3","status":"publish","type":"post","link":"https:\/\/divulga.unila.edu.br\/umapas\/?p=1479","title":{"rendered":"Universidade Federal do Acre &#8211; UFAC &#8211; Assis Brasil"},"content":{"rendered":"<p><strong>Nome da IES:<\/strong> Universidade Federal do Acre &#8211; UFAC &#8211; Assis Brasil<\/p>\n<p><strong>Perfil:<\/strong> N\u00facleo Universit\u00e1rio<\/p>\n<p><strong>Cidade:<\/strong> Assis Brasil &#8211; AC<\/p>\n<p><strong>Dist\u00e2ncia aproximada da front<\/strong>eira: 678mt<\/p>\n<p><strong>Contato<\/strong>: Prof\u00aa. Dr\u00aa. Margarida de Aquino Cunha &#8211; Assessora de Coopera\u00e7\u00e3o Interinstitucional cooperacao.ufac@gmail.com (68) 3901-2638 \/ 3229-2909<\/p>\n<p>http:\/\/www.ufac.br<\/p>\n","protected":false},"excerpt":{"rendered":"<p>Nome da IES: Universidade Federal do Acre &#8211; UFAC &#8211; Assis Brasil Perfil: N\u00facleo Universit\u00e1rio Cidade: Assis Brasil &#8211; AC Dist\u00e2ncia aproximada da fronteira: 678mt Contato: Prof\u00aa. Dr\u00aa. Margarida de Aquino Cunha &#8211; Assessora de Coopera\u00e7\u00e3o Interinstitucional cooperacao.ufac@gmail.com (68) 3901-2638 \/ 3229-2909 http:\/\/www.ufac.br<\/p>\n","protected":false},"author":10,"featured_media":0,"comment_status":"closed","ping_status":"open","sticky":false,"template":"","format":"standard","meta":{"footnotes":""},"categories":[98,89,80,91,96,79],"tags":[75],"class_list":["post-1479","post","type-post","status-publish","format-standard","hentry","category-ate-50km","category-cidade-gemea","category-federal","category-nucleo-de-interiorizacao","category-universidade","category-universidades-de-fronteira","tag-cidade-gemea"],"_links":{"self":[{"href":"https:\/\/divulga.unila.edu.br\/umapas\/index.php?rest_route=\/wp\/v2\/posts\/1479","targetHints":{"allow":["GET"]}}],"collection":[{"href":"https:\/\/divulga.unila.edu.br\/umapas\/index.php?rest_route=\/wp\/v2\/posts"}],"about":[{"href":"https:\/\/divulga.unila.edu.br\/umapas\/index.php?rest_route=\/wp\/v2\/types\/post"}],"author":[{"embeddable":true,"href":"https:\/\/divulga.unila.edu.br\/umapas\/index.php?rest_route=\/wp\/v2\/users\/10"}],"replies":[{"embeddable":true,"href":"https:\/\/divulga.unila.edu.br\/umapas\/index.php?rest_route=%2Fwp%2Fv2%2Fcomments&post=1479"}],"version-history":[{"count":3,"href":"https:\/\/divulga.unila.edu.br\/umapas\/index.php?rest_route=\/wp\/v2\/posts\/1479\/revisions"}],"predecessor-version":[{"id":1494,"href":"https:\/\/divulga.unila.edu.br\/umapas\/index.php?rest_route=\/wp\/v2\/posts\/1479\/revisions\/1494"}],"wp:attachment":[{"href":"https:\/\/divulga.unila.edu.br\/umapas\/index.php?rest_route=%2Fwp%2Fv2%2Fmedia&parent=1479"}],"wp:term":[{"taxonomy":"category","embeddable":true,"href":"https:\/\/divulga.unila.edu.br\/umapas\/index.php?rest_route=%2Fwp%2Fv2%2Fcategories&post=1479"},{"taxonomy":"post_tag","embeddable":true,"href":"https:\/\/divulga.unila.edu.br\/umapas\/index.php?rest_route=%2Fwp%2Fv2%2Ftags&post=1479"}],"curies":[{"name":"wp","href":"https:\/\/api.w.org\/{rel}","templated":true}]}}