{"id":14462,"date":"2023-02-06T13:12:32","date_gmt":"2023-02-06T16:12:32","guid":{"rendered":"https:\/\/unila.edu.br\/umapas\/?p=14462"},"modified":"2023-02-06T13:12:32","modified_gmt":"2023-02-06T16:12:32","slug":"falando-sobre-a-morte-e-morrer-oferta-de-oficinas-para-graduandos-da-area-da-saude-sobre-as-principais-tematicas-de-cuidados-paliativos","status":"publish","type":"post","link":"https:\/\/divulga.unila.edu.br\/umapas\/?p=14462","title":{"rendered":"Falando sobre a Morte e Morrer &#8211; Oferta de oficinas para graduandos da \u00e1rea da sa\u00fade sobre as principais tem\u00e1ticas de Cuidados Paliativos"},"content":{"rendered":"<p style=\"text-align: justify;\"><strong>Coordenador:<\/strong> Roberto de Almeida<\/p>\n<p style=\"text-align: justify;\"><strong>Contato:<\/strong> roberto.almeida@unila.edu.br<\/p>\n<p><strong>Local de realiza\u00e7\u00e3o:<\/strong> Hospital Municipal Padre Germano Lauck &#8211; Rua Adoniran Barbosa, 370, Parque Monjolo, Foz do Igua\u00e7u, Paran\u00e1 &#8211; Brasil.<\/p>\n<p><strong>Para mais informa\u00e7\u00f5es, acesse: <\/strong><a href=\"https:\/\/sig.unila.edu.br\/sigaa\/link\/public\/extensao\/visualizacaoAcaoExtensao\/91795532\" target=\"_blank\">https:\/\/sig.unila.edu.br\/sigaa\/link\/public\/extensao\/visualizacaoAcaoExtensao\/91795532<\/a><strong><br \/>\n<\/strong><\/p>\n","protected":false},"excerpt":{"rendered":"<p>Coordenador: Roberto de Almeida Contato: roberto.almeida@unila.edu.br Local de realiza\u00e7\u00e3o: Hospital Municipal Padre Germano Lauck &#8211; Rua Adoniran Barbosa, 370, Parque Monjolo, Foz do Igua\u00e7u, Paran\u00e1 &#8211; Brasil. Para mais informa\u00e7\u00f5es, acesse: https:\/\/sig.unila.edu.br\/sigaa\/link\/public\/extensao\/visualizacaoAcaoExtensao\/91795532<\/p>\n","protected":false},"author":2,"featured_media":0,"comment_status":"closed","ping_status":"open","sticky":false,"template":"","format":"standard","meta":{"footnotes":""},"categories":[42,43,54],"tags":[],"class_list":["post-14462","post","type-post","status-publish","format-standard","hentry","category-acao-de-extensao","category-projeto","category-saude"],"_links":{"self":[{"href":"https:\/\/divulga.unila.edu.br\/umapas\/index.php?rest_route=\/wp\/v2\/posts\/14462","targetHints":{"allow":["GET"]}}],"collection":[{"href":"https:\/\/divulga.unila.edu.br\/umapas\/index.php?rest_route=\/wp\/v2\/posts"}],"about":[{"href":"https:\/\/divulga.unila.edu.br\/umapas\/index.php?rest_route=\/wp\/v2\/types\/post"}],"author":[{"embeddable":true,"href":"https:\/\/divulga.unila.edu.br\/umapas\/index.php?rest_route=\/wp\/v2\/users\/2"}],"replies":[{"embeddable":true,"href":"https:\/\/divulga.unila.edu.br\/umapas\/index.php?rest_route=%2Fwp%2Fv2%2Fcomments&post=14462"}],"version-history":[{"count":1,"href":"https:\/\/divulga.unila.edu.br\/umapas\/index.php?rest_route=\/wp\/v2\/posts\/14462\/revisions"}],"predecessor-version":[{"id":14465,"href":"https:\/\/divulga.unila.edu.br\/umapas\/index.php?rest_route=\/wp\/v2\/posts\/14462\/revisions\/14465"}],"wp:attachment":[{"href":"https:\/\/divulga.unila.edu.br\/umapas\/index.php?rest_route=%2Fwp%2Fv2%2Fmedia&parent=14462"}],"wp:term":[{"taxonomy":"category","embeddable":true,"href":"https:\/\/divulga.unila.edu.br\/umapas\/index.php?rest_route=%2Fwp%2Fv2%2Fcategories&post=14462"},{"taxonomy":"post_tag","embeddable":true,"href":"https:\/\/divulga.unila.edu.br\/umapas\/index.php?rest_route=%2Fwp%2Fv2%2Ftags&post=14462"}],"curies":[{"name":"wp","href":"https:\/\/api.w.org\/{rel}","templated":true}]}}