{"id":14273,"date":"2023-02-06T11:10:31","date_gmt":"2023-02-06T14:10:31","guid":{"rendered":"https:\/\/unila.edu.br\/umapas\/?p=14273"},"modified":"2023-02-06T11:10:31","modified_gmt":"2023-02-06T14:10:31","slug":"a-voz-da-juventude-juventudes-e-direitos-na-triplice-fronteira-2","status":"publish","type":"post","link":"https:\/\/divulga.unila.edu.br\/umapas\/?p=14273","title":{"rendered":"&#8220;A voz da Juventude&#8221; \u2013 Juventudes e direitos na Tr\u00edplice Fronteira"},"content":{"rendered":"<p style=\"text-align: justify;\"><strong>Coordenadora:<\/strong> Cristiane Sander<\/p>\n<p style=\"text-align: justify;\"><strong>Contato:<\/strong> cristiane.sander@unila.edu.br<\/p>\n<p><strong>Local de realiza\u00e7\u00e3o:<\/strong> UNILA Campus PTI &#8211; Parque Tecnol\u00f3gico Itaipu &#8211; Avenida Tancredo Neves, 6731, Jardim Itaipu, Foz do Igua\u00e7u, Paran\u00e1 &#8211; Brasil.<\/p>\n<p><strong>Para mais informa\u00e7\u00f5es, acesse: <\/strong><a href=\"https:\/\/sig.unila.edu.br\/sigaa\/link\/public\/extensao\/visualizacaoAcaoExtensao\/91795513\" target=\"_blank\">https:\/\/sig.unila.edu.br\/sigaa\/link\/public\/extensao\/visualizacaoAcaoExtensao\/91795513<\/a><strong><br \/>\n<\/strong><\/p>\n","protected":false},"excerpt":{"rendered":"<p>Coordenadora: Cristiane Sander Contato: cristiane.sander@unila.edu.br Local de realiza\u00e7\u00e3o: UNILA Campus PTI &#8211; Parque Tecnol\u00f3gico Itaipu &#8211; Avenida Tancredo Neves, 6731, Jardim Itaipu, Foz do Igua\u00e7u, Paran\u00e1 &#8211; Brasil. Para mais informa\u00e7\u00f5es, acesse: https:\/\/sig.unila.edu.br\/sigaa\/link\/public\/extensao\/visualizacaoAcaoExtensao\/91795513<\/p>\n","protected":false},"author":2,"featured_media":0,"comment_status":"closed","ping_status":"open","sticky":false,"template":"","format":"standard","meta":{"footnotes":""},"categories":[42,51,43],"tags":[],"class_list":["post-14273","post","type-post","status-publish","format-standard","hentry","category-acao-de-extensao","category-direitos-humanos-e-justica","category-projeto"],"_links":{"self":[{"href":"https:\/\/divulga.unila.edu.br\/umapas\/index.php?rest_route=\/wp\/v2\/posts\/14273","targetHints":{"allow":["GET"]}}],"collection":[{"href":"https:\/\/divulga.unila.edu.br\/umapas\/index.php?rest_route=\/wp\/v2\/posts"}],"about":[{"href":"https:\/\/divulga.unila.edu.br\/umapas\/index.php?rest_route=\/wp\/v2\/types\/post"}],"author":[{"embeddable":true,"href":"https:\/\/divulga.unila.edu.br\/umapas\/index.php?rest_route=\/wp\/v2\/users\/2"}],"replies":[{"embeddable":true,"href":"https:\/\/divulga.unila.edu.br\/umapas\/index.php?rest_route=%2Fwp%2Fv2%2Fcomments&post=14273"}],"version-history":[{"count":1,"href":"https:\/\/divulga.unila.edu.br\/umapas\/index.php?rest_route=\/wp\/v2\/posts\/14273\/revisions"}],"predecessor-version":[{"id":14274,"href":"https:\/\/divulga.unila.edu.br\/umapas\/index.php?rest_route=\/wp\/v2\/posts\/14273\/revisions\/14274"}],"wp:attachment":[{"href":"https:\/\/divulga.unila.edu.br\/umapas\/index.php?rest_route=%2Fwp%2Fv2%2Fmedia&parent=14273"}],"wp:term":[{"taxonomy":"category","embeddable":true,"href":"https:\/\/divulga.unila.edu.br\/umapas\/index.php?rest_route=%2Fwp%2Fv2%2Fcategories&post=14273"},{"taxonomy":"post_tag","embeddable":true,"href":"https:\/\/divulga.unila.edu.br\/umapas\/index.php?rest_route=%2Fwp%2Fv2%2Ftags&post=14273"}],"curies":[{"name":"wp","href":"https:\/\/api.w.org\/{rel}","templated":true}]}}