{"id":1411,"date":"2017-11-20T21:27:46","date_gmt":"2017-11-20T21:27:46","guid":{"rendered":"https:\/\/unila.edu.br\/umapas\/?p=1411"},"modified":"2019-10-09T16:28:59","modified_gmt":"2019-10-09T16:28:59","slug":"espaco-iguacuense-da-diversidade-lgbt","status":"publish","type":"post","link":"https:\/\/divulga.unila.edu.br\/umapas\/?p=1411","title":{"rendered":"Espa\u00e7o Igua\u00e7uense da Diversidade LGBT"},"content":{"rendered":"<p style=\"text-align: justify;\">Com enfoque de empoderar as m\u00faltiplas express\u00f5es da diversidade em Foz do Igua\u00e7u, atua junto a jovens, LGBT\u2019s, entidades e movimentos sociais e estudantis. \u00c9 parte integrante do Espa\u00e7o Paranaense da Diversidade LGBT.<\/p>\n<p style=\"text-align: justify;\"><strong>P\u00fablico-alvo:<\/strong> Jovens, LGBT&#8217;s, entidades, movimentos social e estudantil<\/p>\n<p style=\"text-align: left;\"><strong>Endere\u00e7o:<\/strong> Rua Barueri, 70, Jardim Ip\u00ea, Foz do Igua\u00e7u, Paran\u00e1, Brasil. CEP: 85869-685.<\/p>\n<p style=\"text-align: left;\"><strong>Contato:<\/strong> (45) 99905-5538 | epidlgbt@gmail.com | <a href=\"https:\/\/www.facebook.com\/epidfoz\/\" target=\"_blank\">https:\/\/www.facebook.com\/epidfoz\/<\/a><\/p>\n<p style=\"text-align: left;\"><strong>Demandas:<\/strong> <span data-sheets-value=\"{&quot;1&quot;:2,&quot;2&quot;:&quot;Demanda por atividades voltadas ao p\u00fablico LGBT.&quot;}\" data-sheets-userformat=\"{&quot;2&quot;:13251,&quot;3&quot;:{&quot;1&quot;:0},&quot;4&quot;:{&quot;1&quot;:2,&quot;2&quot;:13369344},&quot;9&quot;:1,&quot;10&quot;:1,&quot;11&quot;:4,&quot;12&quot;:0,&quot;15&quot;:&quot;Comic Sans MS&quot;,&quot;16&quot;:12}\">Atividades voltadas ao p\u00fablico LGBT.<\/span><\/p>\n","protected":false},"excerpt":{"rendered":"<p>Com enfoque de empoderar as m\u00faltiplas express\u00f5es da diversidade em Foz do Igua\u00e7u, atua junto a jovens, LGBT\u2019s, entidades e movimentos sociais e estudantis. \u00c9 parte integrante do Espa\u00e7o Paranaense da Diversidade LGBT. P\u00fablico-alvo: Jovens, LGBT&#8217;s, entidades, movimentos social e estudantil Endere\u00e7o: Rua Barueri, 70, Jardim Ip\u00ea, Foz do Igua\u00e7u, Paran\u00e1, Brasil. CEP: 85869-685. Contato: [&hellip;]<\/p>\n","protected":false},"author":2,"featured_media":0,"comment_status":"closed","ping_status":"closed","sticky":false,"template":"","format":"standard","meta":{"footnotes":""},"categories":[41,30,71],"tags":[128,26,20,125],"class_list":["post-1411","post","type-post","status-publish","format-standard","hentry","category-atores-sociais","category-instituicao-privada","category-pessoa-juridica-de-direito-privado-sem-fins-lucrativos","tag-diversidade","tag-foz-do-iguacu","tag-jovem","tag-lgbt"],"_links":{"self":[{"href":"https:\/\/divulga.unila.edu.br\/umapas\/index.php?rest_route=\/wp\/v2\/posts\/1411","targetHints":{"allow":["GET"]}}],"collection":[{"href":"https:\/\/divulga.unila.edu.br\/umapas\/index.php?rest_route=\/wp\/v2\/posts"}],"about":[{"href":"https:\/\/divulga.unila.edu.br\/umapas\/index.php?rest_route=\/wp\/v2\/types\/post"}],"author":[{"embeddable":true,"href":"https:\/\/divulga.unila.edu.br\/umapas\/index.php?rest_route=\/wp\/v2\/users\/2"}],"replies":[{"embeddable":true,"href":"https:\/\/divulga.unila.edu.br\/umapas\/index.php?rest_route=%2Fwp%2Fv2%2Fcomments&post=1411"}],"version-history":[{"count":5,"href":"https:\/\/divulga.unila.edu.br\/umapas\/index.php?rest_route=\/wp\/v2\/posts\/1411\/revisions"}],"predecessor-version":[{"id":3014,"href":"https:\/\/divulga.unila.edu.br\/umapas\/index.php?rest_route=\/wp\/v2\/posts\/1411\/revisions\/3014"}],"wp:attachment":[{"href":"https:\/\/divulga.unila.edu.br\/umapas\/index.php?rest_route=%2Fwp%2Fv2%2Fmedia&parent=1411"}],"wp:term":[{"taxonomy":"category","embeddable":true,"href":"https:\/\/divulga.unila.edu.br\/umapas\/index.php?rest_route=%2Fwp%2Fv2%2Fcategories&post=1411"},{"taxonomy":"post_tag","embeddable":true,"href":"https:\/\/divulga.unila.edu.br\/umapas\/index.php?rest_route=%2Fwp%2Fv2%2Ftags&post=1411"}],"curies":[{"name":"wp","href":"https:\/\/api.w.org\/{rel}","templated":true}]}}