{"id":13443,"date":"2023-01-30T16:52:06","date_gmt":"2023-01-30T19:52:06","guid":{"rendered":"https:\/\/unila.edu.br\/umapas\/?p=13443"},"modified":"2023-01-30T16:52:06","modified_gmt":"2023-01-30T19:52:06","slug":"observatorio-social-do-brasil-foz-do-iguacu","status":"publish","type":"post","link":"https:\/\/divulga.unila.edu.br\/umapas\/?p=13443","title":{"rendered":"Observat\u00f3rio Social do Brasil \u2013 Foz do Igua\u00e7u"},"content":{"rendered":"<p style=\"text-align: justify;\"><span data-sheets-value=\"{&quot;1&quot;:2,&quot;2&quot;:&quot;Orienta\u00e7\u00e3o e acolhimento a adolescentes gr\u00e1vidas e seus filhos.\\nOferta de cursos de cozinha, corte e costura, e artesanato.&quot;}\" data-sheets-userformat=\"{&quot;2&quot;:13249,&quot;3&quot;:{&quot;1&quot;:2,&quot;2&quot;:&quot;000&quot;,&quot;3&quot;:1},&quot;9&quot;:1,&quot;10&quot;:1,&quot;11&quot;:4,&quot;12&quot;:0,&quot;15&quot;:&quot;Comic Sans MS&quot;,&quot;16&quot;:12}\"><span data-sheets-value=\"{&quot;1&quot;:2,&quot;2&quot;:&quot;O OSB \u00e9 uma institui\u00e7\u00e3o n\u00e3o governamental, sem fins lucrativos, disseminadora de uma metodologia padronizada para a cria\u00e7\u00e3o e atua\u00e7\u00e3o de uma rede de organiza\u00e7\u00f5es democr\u00e1ticas e apartid\u00e1rias do terceiro setor. A Rede OSB \u00e9 formada por volunt\u00e1rios engajados na causa da justi\u00e7a social e contribui para a melhoria da gest\u00e3o p\u00fablica.&quot;}\" data-sheets-userformat=\"{&quot;2&quot;:13249,&quot;3&quot;:{&quot;1&quot;:2,&quot;2&quot;:&quot;000&quot;,&quot;3&quot;:1},&quot;9&quot;:1,&quot;10&quot;:1,&quot;11&quot;:4,&quot;12&quot;:0,&quot;15&quot;:&quot;Comic Sans MS&quot;,&quot;16&quot;:12}\">O OSB \u00e9 uma institui\u00e7\u00e3o n\u00e3o governamental, sem fins lucrativos, disseminadora de uma metodologia padronizada para a cria\u00e7\u00e3o e atua\u00e7\u00e3o de uma rede de organiza\u00e7\u00f5es democr\u00e1ticas e apartid\u00e1rias do terceiro setor. A Rede OSB \u00e9 formada por volunt\u00e1rios engajados na causa da justi\u00e7a social e contribui para a melhoria da gest\u00e3o p\u00fablica.<\/span><br \/>\n<\/span><\/p>\n<p style=\"text-align: justify;\"><strong>P\u00fablico-alvo:<\/strong> Popula\u00e7\u00e3o de Foz do Igua\u00e7u em geral.<\/p>\n<p style=\"text-align: left;\"><strong>Endere\u00e7o:<\/strong>\u00a0<span data-sheets-value=\"{&quot;1&quot;:2,&quot;2&quot;:&quot;Rua Padre Montoya&quot;}\" data-sheets-userformat=\"{&quot;2&quot;:13249,&quot;3&quot;:{&quot;1&quot;:2,&quot;2&quot;:&quot;000&quot;,&quot;3&quot;:1},&quot;9&quot;:1,&quot;10&quot;:1,&quot;11&quot;:4,&quot;12&quot;:0,&quot;15&quot;:&quot;Comic Sans MS&quot;,&quot;16&quot;:12}\">Rua Padre Montoya<\/span>,<strong>\u00a0<\/strong>490, Centro, Foz do Igua\u00e7u, Paran\u00e1, Brasil. CEP:\u00a0<span data-sheets-value=\"{&quot;1&quot;:2,&quot;2&quot;:&quot;85858-480&quot;}\" data-sheets-userformat=\"{&quot;2&quot;:13249,&quot;3&quot;:{&quot;1&quot;:2,&quot;2&quot;:&quot;000&quot;,&quot;3&quot;:1},&quot;9&quot;:1,&quot;10&quot;:1,&quot;11&quot;:4,&quot;12&quot;:0,&quot;15&quot;:&quot;Comic Sans MS&quot;,&quot;16&quot;:12}\"><span data-sheets-value=\"{&quot;1&quot;:2,&quot;2&quot;:&quot;85851-080&quot;}\" data-sheets-userformat=\"{&quot;2&quot;:13249,&quot;3&quot;:{&quot;1&quot;:2,&quot;2&quot;:&quot;000&quot;,&quot;3&quot;:1},&quot;9&quot;:1,&quot;10&quot;:1,&quot;11&quot;:4,&quot;12&quot;:0,&quot;15&quot;:&quot;Comic Sans MS&quot;,&quot;16&quot;:12}\">85851-080<\/span><\/span>.<\/p>\n<p style=\"text-align: left;\"><strong>Contato:<\/strong>\u00a0<span data-sheets-value=\"{&quot;1&quot;:2,&quot;2&quot;:&quot;(45) 30255505&quot;}\" data-sheets-userformat=\"{&quot;2&quot;:13249,&quot;3&quot;:{&quot;1&quot;:2,&quot;2&quot;:&quot;000&quot;,&quot;3&quot;:1},&quot;9&quot;:1,&quot;10&quot;:1,&quot;11&quot;:4,&quot;12&quot;:0,&quot;15&quot;:&quot;Comic Sans MS&quot;,&quot;16&quot;:12}\">(45)<span data-sheets-value=\"{&quot;1&quot;:2,&quot;2&quot;:&quot;(45) 31989185&quot;}\" data-sheets-userformat=\"{&quot;2&quot;:13249,&quot;3&quot;:{&quot;1&quot;:2,&quot;2&quot;:&quot;000&quot;,&quot;3&quot;:1},&quot;9&quot;:1,&quot;10&quot;:1,&quot;11&quot;:4,&quot;12&quot;:0,&quot;15&quot;:&quot;Comic Sans MS&quot;,&quot;16&quot;:12}\">\u00a03198-9185<\/span><\/span>\u00a0|\u00a0<span data-sheets-value=\"{&quot;1&quot;:2,&quot;2&quot;:&quot;fozdoiguacu@osbrasil.org.br&quot;}\" data-sheets-userformat=\"{&quot;2&quot;:13249,&quot;3&quot;:{&quot;1&quot;:2,&quot;2&quot;:&quot;000&quot;,&quot;3&quot;:1},&quot;9&quot;:1,&quot;10&quot;:1,&quot;11&quot;:4,&quot;12&quot;:0,&quot;15&quot;:&quot;Comic Sans MS&quot;,&quot;16&quot;:12}\">fozdoiguacu@osbrasil.org.br<\/span><span data-sheets-value=\"{&quot;1&quot;:2,&quot;2&quot;:&quot;gestao@fraternidadealianca.org.br&quot;}\" data-sheets-userformat=\"{&quot;2&quot;:13249,&quot;3&quot;:{&quot;1&quot;:2,&quot;2&quot;:&quot;000&quot;,&quot;3&quot;:1},&quot;9&quot;:1,&quot;10&quot;:1,&quot;11&quot;:4,&quot;12&quot;:0,&quot;15&quot;:&quot;Comic Sans MS&quot;,&quot;16&quot;:12}\">\u00a0|\u00a0<a href=\"https:\/\/fozdoiguacu.osbrasil.org.br\/\" target=\"_blank\">https:\/\/fozdoiguacu.osbrasil.org.br\/<\/a><br \/>\n<\/span><\/p>\n<p style=\"text-align: left;\"><strong>Demandas:<\/strong><span data-sheets-value=\"{&quot;1&quot;:2,&quot;2&quot;:&quot;Demandas: capacita\u00e7\u00e3o na \u00e1rea de sa\u00fade (compras de medicamentos) e acompanhamento de editais de compras municipais.\\n&quot;}\" data-sheets-userformat=\"{&quot;2&quot;:13249,&quot;3&quot;:{&quot;1&quot;:2,&quot;2&quot;:&quot;000&quot;,&quot;3&quot;:1},&quot;9&quot;:1,&quot;10&quot;:1,&quot;11&quot;:4,&quot;12&quot;:0,&quot;15&quot;:&quot;Comic Sans MS&quot;,&quot;16&quot;:12}\">\u00a0capacita\u00e7\u00e3o na \u00e1rea de sa\u00fade (compras de medicamentos) e acompanhamento de editais de compras municipais.<br \/>\n<\/span><\/p>\n","protected":false},"excerpt":{"rendered":"<p>O OSB \u00e9 uma institui\u00e7\u00e3o n\u00e3o governamental, sem fins lucrativos, disseminadora de uma metodologia padronizada para a cria\u00e7\u00e3o e atua\u00e7\u00e3o de uma rede de organiza\u00e7\u00f5es democr\u00e1ticas e apartid\u00e1rias do terceiro setor. A Rede OSB \u00e9 formada por volunt\u00e1rios engajados na causa da justi\u00e7a social e contribui para a melhoria da gest\u00e3o p\u00fablica. P\u00fablico-alvo: Popula\u00e7\u00e3o de [&hellip;]<\/p>\n","protected":false},"author":2,"featured_media":0,"comment_status":"closed","ping_status":"open","sticky":false,"template":"","format":"standard","meta":{"footnotes":""},"categories":[41,30,221],"tags":[26,238],"class_list":["post-13443","post","type-post","status-publish","format-standard","hentry","category-atores-sociais","category-instituicao-privada","category-organizacao-nao-governamental","tag-foz-do-iguacu","tag-observatorio-social-do-brasil"],"_links":{"self":[{"href":"https:\/\/divulga.unila.edu.br\/umapas\/index.php?rest_route=\/wp\/v2\/posts\/13443","targetHints":{"allow":["GET"]}}],"collection":[{"href":"https:\/\/divulga.unila.edu.br\/umapas\/index.php?rest_route=\/wp\/v2\/posts"}],"about":[{"href":"https:\/\/divulga.unila.edu.br\/umapas\/index.php?rest_route=\/wp\/v2\/types\/post"}],"author":[{"embeddable":true,"href":"https:\/\/divulga.unila.edu.br\/umapas\/index.php?rest_route=\/wp\/v2\/users\/2"}],"replies":[{"embeddable":true,"href":"https:\/\/divulga.unila.edu.br\/umapas\/index.php?rest_route=%2Fwp%2Fv2%2Fcomments&post=13443"}],"version-history":[{"count":1,"href":"https:\/\/divulga.unila.edu.br\/umapas\/index.php?rest_route=\/wp\/v2\/posts\/13443\/revisions"}],"predecessor-version":[{"id":13444,"href":"https:\/\/divulga.unila.edu.br\/umapas\/index.php?rest_route=\/wp\/v2\/posts\/13443\/revisions\/13444"}],"wp:attachment":[{"href":"https:\/\/divulga.unila.edu.br\/umapas\/index.php?rest_route=%2Fwp%2Fv2%2Fmedia&parent=13443"}],"wp:term":[{"taxonomy":"category","embeddable":true,"href":"https:\/\/divulga.unila.edu.br\/umapas\/index.php?rest_route=%2Fwp%2Fv2%2Fcategories&post=13443"},{"taxonomy":"post_tag","embeddable":true,"href":"https:\/\/divulga.unila.edu.br\/umapas\/index.php?rest_route=%2Fwp%2Fv2%2Ftags&post=13443"}],"curies":[{"name":"wp","href":"https:\/\/api.w.org\/{rel}","templated":true}]}}