{"id":1336,"date":"2017-09-04T22:49:43","date_gmt":"2017-09-04T22:49:43","guid":{"rendered":"https:\/\/unila.edu.br\/umapas\/?p=1336"},"modified":"2017-09-04T23:03:04","modified_gmt":"2017-09-04T23:03:04","slug":"observatorio-ambiental-implantacao-da-politica-municipal-de-residuos-solidos-em-foz-do-iguacu-2","status":"publish","type":"post","link":"https:\/\/divulga.unila.edu.br\/umapas\/?p=1336","title":{"rendered":"Observat\u00f3rio Ambiental: Implanta\u00e7\u00e3o da Pol\u00edtica Municipal de Res\u00edduos S\u00f3lidos em Foz do Igua\u00e7u"},"content":{"rendered":"<p style=\"text-align: justify;\"><strong>Coordenadora:<\/strong> Suellen Mayara Peres de Oliveira<\/p>\n<p style=\"text-align: justify;\"><strong>Contato:\u00a0<\/strong>suellemayara@gmail.com<\/p>\n<p><strong>Local de realiza\u00e7\u00e3o:<\/strong>\u00a0Aterro Sanit\u00e1rio \u2013 Rua \u00c2ngela Aparecida de Andrade, s\/n, Jardim Porto Belo, Foz do Igua\u00e7u \u2013 PR. CEP: 85867-500 (2 de 2)<\/p>\n<p><strong>Para mais informa\u00e7\u00f5es, acesse: <\/strong><a href=\"https:\/\/sig.unila.edu.br\/sigaa\/link\/public\/extensao\/visualizacaoAcaoExtensao\/91793754\" target=\"_blank\">https:\/\/sig.unila.edu.br\/sigaa\/link\/public\/extensao\/visualizacaoAcaoExtensao\/91793754<\/a><strong><br \/>\n<\/strong><\/p>\n","protected":false},"excerpt":{"rendered":"<p>Coordenadora: Suellen Mayara Peres de Oliveira Contato:\u00a0suellemayara@gmail.com Local de realiza\u00e7\u00e3o:\u00a0Aterro Sanit\u00e1rio \u2013 Rua \u00c2ngela Aparecida de Andrade, s\/n, Jardim Porto Belo, Foz do Igua\u00e7u \u2013 PR. CEP: 85867-500 (2 de 2) Para mais informa\u00e7\u00f5es, acesse: https:\/\/sig.unila.edu.br\/sigaa\/link\/public\/extensao\/visualizacaoAcaoExtensao\/91793754<\/p>\n","protected":false},"author":2,"featured_media":0,"comment_status":"closed","ping_status":"open","sticky":false,"template":"","format":"standard","meta":{"footnotes":""},"categories":[42,53,43],"tags":[],"class_list":["post-1336","post","type-post","status-publish","format-standard","hentry","category-acao-de-extensao","category-meio-ambiente","category-projeto"],"_links":{"self":[{"href":"https:\/\/divulga.unila.edu.br\/umapas\/index.php?rest_route=\/wp\/v2\/posts\/1336","targetHints":{"allow":["GET"]}}],"collection":[{"href":"https:\/\/divulga.unila.edu.br\/umapas\/index.php?rest_route=\/wp\/v2\/posts"}],"about":[{"href":"https:\/\/divulga.unila.edu.br\/umapas\/index.php?rest_route=\/wp\/v2\/types\/post"}],"author":[{"embeddable":true,"href":"https:\/\/divulga.unila.edu.br\/umapas\/index.php?rest_route=\/wp\/v2\/users\/2"}],"replies":[{"embeddable":true,"href":"https:\/\/divulga.unila.edu.br\/umapas\/index.php?rest_route=%2Fwp%2Fv2%2Fcomments&post=1336"}],"version-history":[{"count":4,"href":"https:\/\/divulga.unila.edu.br\/umapas\/index.php?rest_route=\/wp\/v2\/posts\/1336\/revisions"}],"predecessor-version":[{"id":1340,"href":"https:\/\/divulga.unila.edu.br\/umapas\/index.php?rest_route=\/wp\/v2\/posts\/1336\/revisions\/1340"}],"wp:attachment":[{"href":"https:\/\/divulga.unila.edu.br\/umapas\/index.php?rest_route=%2Fwp%2Fv2%2Fmedia&parent=1336"}],"wp:term":[{"taxonomy":"category","embeddable":true,"href":"https:\/\/divulga.unila.edu.br\/umapas\/index.php?rest_route=%2Fwp%2Fv2%2Fcategories&post=1336"},{"taxonomy":"post_tag","embeddable":true,"href":"https:\/\/divulga.unila.edu.br\/umapas\/index.php?rest_route=%2Fwp%2Fv2%2Ftags&post=1336"}],"curies":[{"name":"wp","href":"https:\/\/api.w.org\/{rel}","templated":true}]}}