{"id":1318,"date":"2017-09-04T22:26:59","date_gmt":"2017-09-04T22:26:59","guid":{"rendered":"https:\/\/unila.edu.br\/umapas\/?p=1318"},"modified":"2017-09-04T22:28:56","modified_gmt":"2017-09-04T22:28:56","slug":"musicas-de-america-latina-4","status":"publish","type":"post","link":"https:\/\/divulga.unila.edu.br\/umapas\/?p=1318","title":{"rendered":"M\u00fasicas da Am\u00e9rica Latina"},"content":{"rendered":"<p style=\"text-align: justify;\"><strong>Coordenador:<\/strong> Felix Ceneviva Eid<\/p>\n<p style=\"text-align: justify;\"><strong>Contato:<\/strong> felixeid@yahoo.com<\/p>\n<p><strong>Local de realiza\u00e7\u00e3o:<\/strong> Centro de Reintegra\u00e7\u00e3o Feminino (CRESF) &#8211; Rua Netuno, 182, Parque Tr\u00eas Fronteiras, Foz do Igua\u00e7u \u2013 PR. CEP: 85859-676 (4 de 4)<\/p>\n<p><strong>Para mais informa\u00e7\u00f5es, acesse: <\/strong><a href=\"https:\/\/sig.unila.edu.br\/sigaa\/link\/public\/extensao\/visualizacaoAcaoExtensao\/91793552\" target=\"_blank\">https:\/\/sig.unila.edu.br\/sigaa\/link\/public\/extensao\/visualizacaoAcaoExtensao\/91793552<\/a><strong><br \/>\n<\/strong><\/p>\n","protected":false},"excerpt":{"rendered":"<p>Coordenador: Felix Ceneviva Eid Contato: felixeid@yahoo.com Local de realiza\u00e7\u00e3o: Centro de Reintegra\u00e7\u00e3o Feminino (CRESF) &#8211; Rua Netuno, 182, Parque Tr\u00eas Fronteiras, Foz do Igua\u00e7u \u2013 PR. CEP: 85859-676 (4 de 4) Para mais informa\u00e7\u00f5es, acesse: https:\/\/sig.unila.edu.br\/sigaa\/link\/public\/extensao\/visualizacaoAcaoExtensao\/91793552<\/p>\n","protected":false},"author":2,"featured_media":0,"comment_status":"closed","ping_status":"open","sticky":false,"template":"","format":"standard","meta":{"footnotes":""},"categories":[42,50,43],"tags":[],"class_list":["post-1318","post","type-post","status-publish","format-standard","hentry","category-acao-de-extensao","category-cultura-e-artes","category-projeto"],"_links":{"self":[{"href":"https:\/\/divulga.unila.edu.br\/umapas\/index.php?rest_route=\/wp\/v2\/posts\/1318","targetHints":{"allow":["GET"]}}],"collection":[{"href":"https:\/\/divulga.unila.edu.br\/umapas\/index.php?rest_route=\/wp\/v2\/posts"}],"about":[{"href":"https:\/\/divulga.unila.edu.br\/umapas\/index.php?rest_route=\/wp\/v2\/types\/post"}],"author":[{"embeddable":true,"href":"https:\/\/divulga.unila.edu.br\/umapas\/index.php?rest_route=\/wp\/v2\/users\/2"}],"replies":[{"embeddable":true,"href":"https:\/\/divulga.unila.edu.br\/umapas\/index.php?rest_route=%2Fwp%2Fv2%2Fcomments&post=1318"}],"version-history":[{"count":2,"href":"https:\/\/divulga.unila.edu.br\/umapas\/index.php?rest_route=\/wp\/v2\/posts\/1318\/revisions"}],"predecessor-version":[{"id":1320,"href":"https:\/\/divulga.unila.edu.br\/umapas\/index.php?rest_route=\/wp\/v2\/posts\/1318\/revisions\/1320"}],"wp:attachment":[{"href":"https:\/\/divulga.unila.edu.br\/umapas\/index.php?rest_route=%2Fwp%2Fv2%2Fmedia&parent=1318"}],"wp:term":[{"taxonomy":"category","embeddable":true,"href":"https:\/\/divulga.unila.edu.br\/umapas\/index.php?rest_route=%2Fwp%2Fv2%2Fcategories&post=1318"},{"taxonomy":"post_tag","embeddable":true,"href":"https:\/\/divulga.unila.edu.br\/umapas\/index.php?rest_route=%2Fwp%2Fv2%2Ftags&post=1318"}],"curies":[{"name":"wp","href":"https:\/\/api.w.org\/{rel}","templated":true}]}}