{"id":13109,"date":"2023-01-24T17:32:15","date_gmt":"2023-01-24T20:32:15","guid":{"rendered":"https:\/\/unila.edu.br\/umapas\/?p=13109"},"modified":"2023-01-24T17:32:15","modified_gmt":"2023-01-24T20:32:15","slug":"oficinas-papo-serio-e-concurso-de-cartazes-sobre-lesbofobia-transfobia-travestifobia-homofobia-bifobia-e-heterossexismo-nas-escolas","status":"publish","type":"post","link":"https:\/\/divulga.unila.edu.br\/umapas\/?p=13109","title":{"rendered":"Oficinas Papo S\u00e9rio e Concurso de Cartazes sobre Lesbofobia, Transfobia, Travestifobia, Homofobia, Bifobia e Heterossexismo nas Escolas"},"content":{"rendered":"<p style=\"text-align: justify;\"><strong>Coordenador:<\/strong> Ronaldo Pires Canabarro<\/p>\n<p style=\"text-align: justify;\"><strong>Contato:<\/strong> ronaldcanabarro@gmail.com<\/p>\n<p><strong>Local de realiza\u00e7\u00e3o:<\/strong> Col\u00e9gio Estadual Ayrton Senna da Silva &#8211; Rua Po\u00e7os de Caldas, 54, Jardim Lancaster, Foz do Igua\u00e7u, Paran\u00e1 &#8211; Brasil.<\/p>\n<p><strong>Para mais informa\u00e7\u00f5es, acesse: <\/strong><a href=\"https:\/\/sig.unila.edu.br\/sigaa\/link\/public\/extensao\/visualizacaoAcaoExtensao\/91793411\" target=\"_blank\">https:\/\/sig.unila.edu.br\/sigaa\/link\/public\/extensao\/visualizacaoAcaoExtensao\/91793411<\/a><strong><br \/>\n<\/strong><\/p>\n","protected":false},"excerpt":{"rendered":"<p>Coordenador: Ronaldo Pires Canabarro Contato: ronaldcanabarro@gmail.com Local de realiza\u00e7\u00e3o: Col\u00e9gio Estadual Ayrton Senna da Silva &#8211; Rua Po\u00e7os de Caldas, 54, Jardim Lancaster, Foz do Igua\u00e7u, Paran\u00e1 &#8211; Brasil. Para mais informa\u00e7\u00f5es, acesse: https:\/\/sig.unila.edu.br\/sigaa\/link\/public\/extensao\/visualizacaoAcaoExtensao\/91793411<\/p>\n","protected":false},"author":2,"featured_media":0,"comment_status":"closed","ping_status":"open","sticky":false,"template":"","format":"standard","meta":{"footnotes":""},"categories":[42,51,43],"tags":[],"class_list":["post-13109","post","type-post","status-publish","format-standard","hentry","category-acao-de-extensao","category-direitos-humanos-e-justica","category-projeto"],"_links":{"self":[{"href":"https:\/\/divulga.unila.edu.br\/umapas\/index.php?rest_route=\/wp\/v2\/posts\/13109","targetHints":{"allow":["GET"]}}],"collection":[{"href":"https:\/\/divulga.unila.edu.br\/umapas\/index.php?rest_route=\/wp\/v2\/posts"}],"about":[{"href":"https:\/\/divulga.unila.edu.br\/umapas\/index.php?rest_route=\/wp\/v2\/types\/post"}],"author":[{"embeddable":true,"href":"https:\/\/divulga.unila.edu.br\/umapas\/index.php?rest_route=\/wp\/v2\/users\/2"}],"replies":[{"embeddable":true,"href":"https:\/\/divulga.unila.edu.br\/umapas\/index.php?rest_route=%2Fwp%2Fv2%2Fcomments&post=13109"}],"version-history":[{"count":1,"href":"https:\/\/divulga.unila.edu.br\/umapas\/index.php?rest_route=\/wp\/v2\/posts\/13109\/revisions"}],"predecessor-version":[{"id":13112,"href":"https:\/\/divulga.unila.edu.br\/umapas\/index.php?rest_route=\/wp\/v2\/posts\/13109\/revisions\/13112"}],"wp:attachment":[{"href":"https:\/\/divulga.unila.edu.br\/umapas\/index.php?rest_route=%2Fwp%2Fv2%2Fmedia&parent=13109"}],"wp:term":[{"taxonomy":"category","embeddable":true,"href":"https:\/\/divulga.unila.edu.br\/umapas\/index.php?rest_route=%2Fwp%2Fv2%2Fcategories&post=13109"},{"taxonomy":"post_tag","embeddable":true,"href":"https:\/\/divulga.unila.edu.br\/umapas\/index.php?rest_route=%2Fwp%2Fv2%2Ftags&post=13109"}],"curies":[{"name":"wp","href":"https:\/\/api.w.org\/{rel}","templated":true}]}}