{"id":1305,"date":"2017-09-04T21:59:37","date_gmt":"2017-09-04T21:59:37","guid":{"rendered":"https:\/\/unila.edu.br\/umapas\/?p=1305"},"modified":"2017-09-04T21:59:37","modified_gmt":"2017-09-04T21:59:37","slug":"memorias-do-resto-violencias-e-resistencias-em-foz-do-iguacu-2","status":"publish","type":"post","link":"https:\/\/divulga.unila.edu.br\/umapas\/?p=1305","title":{"rendered":"Mem\u00f3rias do resto: viol\u00eancias e resist\u00eancias em Foz do Igua\u00e7u"},"content":{"rendered":"<p style=\"text-align: justify;\"><strong>Coordenador:<\/strong> Mario Rene Rodriguez Torres<\/p>\n<p style=\"text-align: justify;\"><strong>Contato:<\/strong> mario.torres@unila.edu.br<\/p>\n<p><strong>Local de realiza\u00e7\u00e3o:<\/strong> Centro de Direitos Humanos e Mem\u00f3ria Popular de Foz do Igua\u00e7u &#8211; Alameda Batuiba, 146, Vila A, Foz do Igua\u00e7u \u2013 PR. CEP: 85866-170 (2 de 4)<\/p>\n<p><strong>Para mais informa\u00e7\u00f5es, acesse: <\/strong><a href=\"https:\/\/sig.unila.edu.br\/sigaa\/link\/public\/extensao\/visualizacaoAcaoExtensao\/91793696\" target=\"_blank\">https:\/\/sig.unila.edu.br\/sigaa\/link\/public\/extensao\/visualizacaoAcaoExtensao\/91793696<\/a><strong><br \/>\n<\/strong><\/p>\n","protected":false},"excerpt":{"rendered":"<p>Coordenador: Mario Rene Rodriguez Torres Contato: mario.torres@unila.edu.br Local de realiza\u00e7\u00e3o: Centro de Direitos Humanos e Mem\u00f3ria Popular de Foz do Igua\u00e7u &#8211; Alameda Batuiba, 146, Vila A, Foz do Igua\u00e7u \u2013 PR. CEP: 85866-170 (2 de 4) Para mais informa\u00e7\u00f5es, acesse: https:\/\/sig.unila.edu.br\/sigaa\/link\/public\/extensao\/visualizacaoAcaoExtensao\/91793696<\/p>\n","protected":false},"author":2,"featured_media":0,"comment_status":"closed","ping_status":"open","sticky":false,"template":"","format":"standard","meta":{"footnotes":""},"categories":[42,51,43],"tags":[],"class_list":["post-1305","post","type-post","status-publish","format-standard","hentry","category-acao-de-extensao","category-direitos-humanos-e-justica","category-projeto"],"_links":{"self":[{"href":"https:\/\/divulga.unila.edu.br\/umapas\/index.php?rest_route=\/wp\/v2\/posts\/1305","targetHints":{"allow":["GET"]}}],"collection":[{"href":"https:\/\/divulga.unila.edu.br\/umapas\/index.php?rest_route=\/wp\/v2\/posts"}],"about":[{"href":"https:\/\/divulga.unila.edu.br\/umapas\/index.php?rest_route=\/wp\/v2\/types\/post"}],"author":[{"embeddable":true,"href":"https:\/\/divulga.unila.edu.br\/umapas\/index.php?rest_route=\/wp\/v2\/users\/2"}],"replies":[{"embeddable":true,"href":"https:\/\/divulga.unila.edu.br\/umapas\/index.php?rest_route=%2Fwp%2Fv2%2Fcomments&post=1305"}],"version-history":[{"count":1,"href":"https:\/\/divulga.unila.edu.br\/umapas\/index.php?rest_route=\/wp\/v2\/posts\/1305\/revisions"}],"predecessor-version":[{"id":1306,"href":"https:\/\/divulga.unila.edu.br\/umapas\/index.php?rest_route=\/wp\/v2\/posts\/1305\/revisions\/1306"}],"wp:attachment":[{"href":"https:\/\/divulga.unila.edu.br\/umapas\/index.php?rest_route=%2Fwp%2Fv2%2Fmedia&parent=1305"}],"wp:term":[{"taxonomy":"category","embeddable":true,"href":"https:\/\/divulga.unila.edu.br\/umapas\/index.php?rest_route=%2Fwp%2Fv2%2Fcategories&post=1305"},{"taxonomy":"post_tag","embeddable":true,"href":"https:\/\/divulga.unila.edu.br\/umapas\/index.php?rest_route=%2Fwp%2Fv2%2Ftags&post=1305"}],"curies":[{"name":"wp","href":"https:\/\/api.w.org\/{rel}","templated":true}]}}