{"id":12961,"date":"2023-01-24T16:33:29","date_gmt":"2023-01-24T19:33:29","guid":{"rendered":"https:\/\/unila.edu.br\/umapas\/?p=12961"},"modified":"2023-01-24T16:33:29","modified_gmt":"2023-01-24T19:33:29","slug":"resgatando-a-verdade-a-memoria-do-combate-a-ditadura-na-triplice-fronteira","status":"publish","type":"post","link":"https:\/\/divulga.unila.edu.br\/umapas\/?p=12961","title":{"rendered":"Resgatando a Verdade: a mem\u00f3ria do combate \u00e0 ditadura na Tr\u00edplice Fronteira"},"content":{"rendered":"<p style=\"text-align: justify;\"><strong>Coordenador:<\/strong> Fernando Correa Prado<\/p>\n<p style=\"text-align: justify;\"><strong>Contato:<\/strong> fernandoprado@gmail.com<\/p>\n<p><strong>Local de realiza\u00e7\u00e3o:<\/strong> Centro de Direitos Humanos e Mem\u00f3ria Popular de Foz do Igua\u00e7u (CDHMP) &#8211; Alameda Batuiba, 146, Vila A, Foz do Igua\u00e7u, Paran\u00e1 &#8211; Brasil.<\/p>\n<p><strong>Para mais informa\u00e7\u00f5es, acesse: <\/strong><a href=\"https:\/\/sig.unila.edu.br\/sigaa\/link\/public\/extensao\/visualizacaoAcaoExtensao\/91793525\" target=\"_blank\">https:\/\/sig.unila.edu.br\/sigaa\/link\/public\/extensao\/visualizacaoAcaoExtensao\/91793525<\/a><strong><br \/>\n<\/strong><\/p>\n","protected":false},"excerpt":{"rendered":"<p>Coordenador: Fernando Correa Prado Contato: fernandoprado@gmail.com Local de realiza\u00e7\u00e3o: Centro de Direitos Humanos e Mem\u00f3ria Popular de Foz do Igua\u00e7u (CDHMP) &#8211; Alameda Batuiba, 146, Vila A, Foz do Igua\u00e7u, Paran\u00e1 &#8211; Brasil. Para mais informa\u00e7\u00f5es, acesse: https:\/\/sig.unila.edu.br\/sigaa\/link\/public\/extensao\/visualizacaoAcaoExtensao\/91793525<\/p>\n","protected":false},"author":2,"featured_media":0,"comment_status":"closed","ping_status":"open","sticky":false,"template":"","format":"standard","meta":{"footnotes":""},"categories":[42,51,43],"tags":[],"class_list":["post-12961","post","type-post","status-publish","format-standard","hentry","category-acao-de-extensao","category-direitos-humanos-e-justica","category-projeto"],"_links":{"self":[{"href":"https:\/\/divulga.unila.edu.br\/umapas\/index.php?rest_route=\/wp\/v2\/posts\/12961","targetHints":{"allow":["GET"]}}],"collection":[{"href":"https:\/\/divulga.unila.edu.br\/umapas\/index.php?rest_route=\/wp\/v2\/posts"}],"about":[{"href":"https:\/\/divulga.unila.edu.br\/umapas\/index.php?rest_route=\/wp\/v2\/types\/post"}],"author":[{"embeddable":true,"href":"https:\/\/divulga.unila.edu.br\/umapas\/index.php?rest_route=\/wp\/v2\/users\/2"}],"replies":[{"embeddable":true,"href":"https:\/\/divulga.unila.edu.br\/umapas\/index.php?rest_route=%2Fwp%2Fv2%2Fcomments&post=12961"}],"version-history":[{"count":1,"href":"https:\/\/divulga.unila.edu.br\/umapas\/index.php?rest_route=\/wp\/v2\/posts\/12961\/revisions"}],"predecessor-version":[{"id":12962,"href":"https:\/\/divulga.unila.edu.br\/umapas\/index.php?rest_route=\/wp\/v2\/posts\/12961\/revisions\/12962"}],"wp:attachment":[{"href":"https:\/\/divulga.unila.edu.br\/umapas\/index.php?rest_route=%2Fwp%2Fv2%2Fmedia&parent=12961"}],"wp:term":[{"taxonomy":"category","embeddable":true,"href":"https:\/\/divulga.unila.edu.br\/umapas\/index.php?rest_route=%2Fwp%2Fv2%2Fcategories&post=12961"},{"taxonomy":"post_tag","embeddable":true,"href":"https:\/\/divulga.unila.edu.br\/umapas\/index.php?rest_route=%2Fwp%2Fv2%2Ftags&post=12961"}],"curies":[{"name":"wp","href":"https:\/\/api.w.org\/{rel}","templated":true}]}}