{"id":12936,"date":"2023-01-24T16:19:42","date_gmt":"2023-01-24T19:19:42","guid":{"rendered":"https:\/\/unila.edu.br\/umapas\/?p=12936"},"modified":"2023-01-24T16:19:42","modified_gmt":"2023-01-24T19:19:42","slug":"o-que-ocorre-sobre-nossas-cabecas-uma-discussao-envolvendo-academia-e-sociedade-sobre-poluicao-atmosferica-e-sua-relacao-com-a-saude-coletiva","status":"publish","type":"post","link":"https:\/\/divulga.unila.edu.br\/umapas\/?p=12936","title":{"rendered":"O que ocorre sobre nossas cabe\u00e7as? uma discuss\u00e3o envolvendo academia e sociedade sobre polui\u00e7\u00e3o atmosf\u00e9rica e sua rela\u00e7\u00e3o com a sa\u00fade coletiva"},"content":{"rendered":"<p style=\"text-align: justify;\"><strong>Coordenador:<\/strong> Henrique Cesar Almeida<\/p>\n<p style=\"text-align: justify;\"><strong>Contato:<\/strong> henrique.almeida@unila.edu.br<\/p>\n<p><strong>Local de realiza\u00e7\u00e3o:<\/strong> Col\u00e9gio Adventista de Foz do Igua\u00e7u &#8211; Avenida Rep\u00fablica Argentina, 530, Jardim Tarob\u00e1, Foz do Igua\u00e7u, Paran\u00e1 &#8211; Brasil.<\/p>\n<p><strong>Para mais informa\u00e7\u00f5es, acesse: <\/strong><a href=\"https:\/\/sig.unila.edu.br\/sigaa\/link\/public\/extensao\/visualizacaoAcaoExtensao\/91793427\" target=\"_blank\">https:\/\/sig.unila.edu.br\/sigaa\/link\/public\/extensao\/visualizacaoAcaoExtensao\/91793427<\/a><strong><br \/>\n<\/strong><\/p>\n","protected":false},"excerpt":{"rendered":"<p>Coordenador: Henrique Cesar Almeida Contato: henrique.almeida@unila.edu.br Local de realiza\u00e7\u00e3o: Col\u00e9gio Adventista de Foz do Igua\u00e7u &#8211; Avenida Rep\u00fablica Argentina, 530, Jardim Tarob\u00e1, Foz do Igua\u00e7u, Paran\u00e1 &#8211; Brasil. Para mais informa\u00e7\u00f5es, acesse: https:\/\/sig.unila.edu.br\/sigaa\/link\/public\/extensao\/visualizacaoAcaoExtensao\/91793427<\/p>\n","protected":false},"author":2,"featured_media":0,"comment_status":"closed","ping_status":"open","sticky":false,"template":"","format":"standard","meta":{"footnotes":""},"categories":[42,53,43],"tags":[],"class_list":["post-12936","post","type-post","status-publish","format-standard","hentry","category-acao-de-extensao","category-meio-ambiente","category-projeto"],"_links":{"self":[{"href":"https:\/\/divulga.unila.edu.br\/umapas\/index.php?rest_route=\/wp\/v2\/posts\/12936","targetHints":{"allow":["GET"]}}],"collection":[{"href":"https:\/\/divulga.unila.edu.br\/umapas\/index.php?rest_route=\/wp\/v2\/posts"}],"about":[{"href":"https:\/\/divulga.unila.edu.br\/umapas\/index.php?rest_route=\/wp\/v2\/types\/post"}],"author":[{"embeddable":true,"href":"https:\/\/divulga.unila.edu.br\/umapas\/index.php?rest_route=\/wp\/v2\/users\/2"}],"replies":[{"embeddable":true,"href":"https:\/\/divulga.unila.edu.br\/umapas\/index.php?rest_route=%2Fwp%2Fv2%2Fcomments&post=12936"}],"version-history":[{"count":1,"href":"https:\/\/divulga.unila.edu.br\/umapas\/index.php?rest_route=\/wp\/v2\/posts\/12936\/revisions"}],"predecessor-version":[{"id":12938,"href":"https:\/\/divulga.unila.edu.br\/umapas\/index.php?rest_route=\/wp\/v2\/posts\/12936\/revisions\/12938"}],"wp:attachment":[{"href":"https:\/\/divulga.unila.edu.br\/umapas\/index.php?rest_route=%2Fwp%2Fv2%2Fmedia&parent=12936"}],"wp:term":[{"taxonomy":"category","embeddable":true,"href":"https:\/\/divulga.unila.edu.br\/umapas\/index.php?rest_route=%2Fwp%2Fv2%2Fcategories&post=12936"},{"taxonomy":"post_tag","embeddable":true,"href":"https:\/\/divulga.unila.edu.br\/umapas\/index.php?rest_route=%2Fwp%2Fv2%2Ftags&post=12936"}],"curies":[{"name":"wp","href":"https:\/\/api.w.org\/{rel}","templated":true}]}}