{"id":1293,"date":"2017-03-23T17:43:39","date_gmt":"2017-03-23T17:43:39","guid":{"rendered":"https:\/\/unila.edu.br\/umapas\/?p=1293"},"modified":"2017-09-04T21:14:46","modified_gmt":"2017-09-04T21:14:46","slug":"direito-a-poesia-circulos-de-leitura-com-pessoas-em-situacao-de-privacao-de-liberdade-em-foz-do-iguacu-4","status":"publish","type":"post","link":"https:\/\/divulga.unila.edu.br\/umapas\/?p=1293","title":{"rendered":"Direito \u00e0 poesia: c\u00edrculos de leitura com pessoas em situa\u00e7\u00e3o de priva\u00e7\u00e3o de liberdade em Foz do Igua\u00e7u"},"content":{"rendered":"<p style=\"text-align: justify;\"><strong>Coordenadora:<\/strong> Cristiane Checchia<\/p>\n<p style=\"text-align: justify;\"><strong>Contato:<\/strong> cristiane.checchia@unila.edu.br<\/p>\n<p><strong>Local de realiza\u00e7\u00e3o:<\/strong> Sudacas Bar &#8211; Avenida Rep\u00fablica Argentina, 1106, Centro, Foz do Igua\u00e7u \u2013 PR. CEP: 85851-020 (4 de 5)<\/p>\n<p><strong>Para mais informa\u00e7\u00f5es, acesse:<\/strong> <a href=\"https:\/\/sig.unila.edu.br\/sigaa\/link\/public\/extensao\/visualizacaoAcaoExtensao\/91793571\" target=\"_blank\">https:\/\/sig.unila.edu.br\/sigaa\/link\/public\/extensao\/visualizacaoAcaoExtensao\/91793571<\/a><\/p>\n","protected":false},"excerpt":{"rendered":"<p>Coordenadora: Cristiane Checchia Contato: cristiane.checchia@unila.edu.br Local de realiza\u00e7\u00e3o: Sudacas Bar &#8211; Avenida Rep\u00fablica Argentina, 1106, Centro, Foz do Igua\u00e7u \u2013 PR. CEP: 85851-020 (4 de 5) Para mais informa\u00e7\u00f5es, acesse: https:\/\/sig.unila.edu.br\/sigaa\/link\/public\/extensao\/visualizacaoAcaoExtensao\/91793571<\/p>\n","protected":false},"author":2,"featured_media":0,"comment_status":"closed","ping_status":"open","sticky":false,"template":"","format":"standard","meta":{"footnotes":""},"categories":[42,51,43],"tags":[],"class_list":["post-1293","post","type-post","status-publish","format-standard","hentry","category-acao-de-extensao","category-direitos-humanos-e-justica","category-projeto"],"_links":{"self":[{"href":"https:\/\/divulga.unila.edu.br\/umapas\/index.php?rest_route=\/wp\/v2\/posts\/1293","targetHints":{"allow":["GET"]}}],"collection":[{"href":"https:\/\/divulga.unila.edu.br\/umapas\/index.php?rest_route=\/wp\/v2\/posts"}],"about":[{"href":"https:\/\/divulga.unila.edu.br\/umapas\/index.php?rest_route=\/wp\/v2\/types\/post"}],"author":[{"embeddable":true,"href":"https:\/\/divulga.unila.edu.br\/umapas\/index.php?rest_route=\/wp\/v2\/users\/2"}],"replies":[{"embeddable":true,"href":"https:\/\/divulga.unila.edu.br\/umapas\/index.php?rest_route=%2Fwp%2Fv2%2Fcomments&post=1293"}],"version-history":[{"count":1,"href":"https:\/\/divulga.unila.edu.br\/umapas\/index.php?rest_route=\/wp\/v2\/posts\/1293\/revisions"}],"predecessor-version":[{"id":1294,"href":"https:\/\/divulga.unila.edu.br\/umapas\/index.php?rest_route=\/wp\/v2\/posts\/1293\/revisions\/1294"}],"wp:attachment":[{"href":"https:\/\/divulga.unila.edu.br\/umapas\/index.php?rest_route=%2Fwp%2Fv2%2Fmedia&parent=1293"}],"wp:term":[{"taxonomy":"category","embeddable":true,"href":"https:\/\/divulga.unila.edu.br\/umapas\/index.php?rest_route=%2Fwp%2Fv2%2Fcategories&post=1293"},{"taxonomy":"post_tag","embeddable":true,"href":"https:\/\/divulga.unila.edu.br\/umapas\/index.php?rest_route=%2Fwp%2Fv2%2Ftags&post=1293"}],"curies":[{"name":"wp","href":"https:\/\/api.w.org\/{rel}","templated":true}]}}