{"id":1284,"date":"2017-09-04T20:56:15","date_gmt":"2017-09-04T20:56:15","guid":{"rendered":"https:\/\/unila.edu.br\/umapas\/?p=1284"},"modified":"2017-09-04T22:14:28","modified_gmt":"2017-09-04T22:14:28","slug":"talleroficina-musicas-de-america-latina","status":"publish","type":"post","link":"https:\/\/divulga.unila.edu.br\/umapas\/?p=1284","title":{"rendered":"Taller\/Oficina &#8220;M\u00fasicas de Am\u00e9rica Latina&#8221;"},"content":{"rendered":"<p style=\"text-align: justify;\"><strong>Coordenador:<\/strong> Felix Ceneviva Eid<\/p>\n<p style=\"text-align: justify;\"><strong>Contato:<\/strong> felixeid@yahoo.com<\/p>\n<p><strong>Local de realiza\u00e7\u00e3o:<\/strong> SESC &#8211; Avenida Tancredo Neves, 222, Vila A, Foz do Igua\u00e7u \u2013 PR. CEP: 85867-633<\/p>\n<p><strong>Para mais informa\u00e7\u00f5es, acesse: <\/strong><a href=\"https:\/\/sig.unila.edu.br\/sigaa\/link\/public\/extensao\/visualizacaoAcaoExtensao\/91793928\" target=\"_blank\">https:\/\/sig.unila.edu.br\/sigaa\/link\/public\/extensao\/visualizacaoAcaoExtensao\/91793928<\/a><\/p>\n","protected":false},"excerpt":{"rendered":"<p>Coordenador: Felix Ceneviva Eid Contato: felixeid@yahoo.com Local de realiza\u00e7\u00e3o: SESC &#8211; Avenida Tancredo Neves, 222, Vila A, Foz do Igua\u00e7u \u2013 PR. CEP: 85867-633 Para mais informa\u00e7\u00f5es, acesse: https:\/\/sig.unila.edu.br\/sigaa\/link\/public\/extensao\/visualizacaoAcaoExtensao\/91793928<\/p>\n","protected":false},"author":2,"featured_media":0,"comment_status":"closed","ping_status":"open","sticky":false,"template":"","format":"standard","meta":{"footnotes":""},"categories":[42,50,44],"tags":[],"class_list":["post-1284","post","type-post","status-publish","format-standard","hentry","category-acao-de-extensao","category-cultura-e-artes","category-evento"],"_links":{"self":[{"href":"https:\/\/divulga.unila.edu.br\/umapas\/index.php?rest_route=\/wp\/v2\/posts\/1284","targetHints":{"allow":["GET"]}}],"collection":[{"href":"https:\/\/divulga.unila.edu.br\/umapas\/index.php?rest_route=\/wp\/v2\/posts"}],"about":[{"href":"https:\/\/divulga.unila.edu.br\/umapas\/index.php?rest_route=\/wp\/v2\/types\/post"}],"author":[{"embeddable":true,"href":"https:\/\/divulga.unila.edu.br\/umapas\/index.php?rest_route=\/wp\/v2\/users\/2"}],"replies":[{"embeddable":true,"href":"https:\/\/divulga.unila.edu.br\/umapas\/index.php?rest_route=%2Fwp%2Fv2%2Fcomments&post=1284"}],"version-history":[{"count":2,"href":"https:\/\/divulga.unila.edu.br\/umapas\/index.php?rest_route=\/wp\/v2\/posts\/1284\/revisions"}],"predecessor-version":[{"id":1312,"href":"https:\/\/divulga.unila.edu.br\/umapas\/index.php?rest_route=\/wp\/v2\/posts\/1284\/revisions\/1312"}],"wp:attachment":[{"href":"https:\/\/divulga.unila.edu.br\/umapas\/index.php?rest_route=%2Fwp%2Fv2%2Fmedia&parent=1284"}],"wp:term":[{"taxonomy":"category","embeddable":true,"href":"https:\/\/divulga.unila.edu.br\/umapas\/index.php?rest_route=%2Fwp%2Fv2%2Fcategories&post=1284"},{"taxonomy":"post_tag","embeddable":true,"href":"https:\/\/divulga.unila.edu.br\/umapas\/index.php?rest_route=%2Fwp%2Fv2%2Ftags&post=1284"}],"curies":[{"name":"wp","href":"https:\/\/api.w.org\/{rel}","templated":true}]}}