{"id":12664,"date":"2023-01-23T16:19:57","date_gmt":"2023-01-23T19:19:57","guid":{"rendered":"https:\/\/unila.edu.br\/umapas\/?p=12664"},"modified":"2023-01-23T16:19:57","modified_gmt":"2023-01-23T19:19:57","slug":"feira-de-profissoes-um-evento-sem-fronteiras-para-a-regiao-trinacional-e-redondezas","status":"publish","type":"post","link":"https:\/\/divulga.unila.edu.br\/umapas\/?p=12664","title":{"rendered":"Feira de Profiss\u00f5es &#8211; um evento sem fronteiras para a Regi\u00e3o Trinacional e redondezas"},"content":{"rendered":"<p style=\"text-align: justify;\"><strong>Coordenador:<\/strong> Anderson Ant\u00f4nio Andreata<\/p>\n<p style=\"text-align: justify;\"><strong>Contato:<\/strong> anderson.andreata@gmail.com<\/p>\n<p><strong>Local de realiza\u00e7\u00e3o:<\/strong> Centro de Tradi\u00e7\u00f5es Ga\u00fachas Charrua (CTG-Foz do Igua\u00e7u) &#8211; BR-277, 3703, Vila A, Foz do Igua\u00e7u, Paran\u00e1 &#8211; Brasil.<\/p>\n<p><strong>Para mais informa\u00e7\u00f5es, acesse: <\/strong><a href=\"https:\/\/sig.unila.edu.br\/sigaa\/link\/public\/extensao\/visualizacaoAcaoExtensao\/91793513\" target=\"_blank\">https:\/\/sig.unila.edu.br\/sigaa\/link\/public\/extensao\/visualizacaoAcaoExtensao\/91793513<\/a><strong><br \/>\n<\/strong><\/p>\n","protected":false},"excerpt":{"rendered":"<p>Coordenador: Anderson Ant\u00f4nio Andreata Contato: anderson.andreata@gmail.com Local de realiza\u00e7\u00e3o: Centro de Tradi\u00e7\u00f5es Ga\u00fachas Charrua (CTG-Foz do Igua\u00e7u) &#8211; BR-277, 3703, Vila A, Foz do Igua\u00e7u, Paran\u00e1 &#8211; Brasil. Para mais informa\u00e7\u00f5es, acesse: https:\/\/sig.unila.edu.br\/sigaa\/link\/public\/extensao\/visualizacaoAcaoExtensao\/91793513<\/p>\n","protected":false},"author":2,"featured_media":0,"comment_status":"closed","ping_status":"open","sticky":false,"template":"","format":"standard","meta":{"footnotes":""},"categories":[42,49,44],"tags":[],"class_list":["post-12664","post","type-post","status-publish","format-standard","hentry","category-acao-de-extensao","category-comunicacao","category-evento"],"_links":{"self":[{"href":"https:\/\/divulga.unila.edu.br\/umapas\/index.php?rest_route=\/wp\/v2\/posts\/12664","targetHints":{"allow":["GET"]}}],"collection":[{"href":"https:\/\/divulga.unila.edu.br\/umapas\/index.php?rest_route=\/wp\/v2\/posts"}],"about":[{"href":"https:\/\/divulga.unila.edu.br\/umapas\/index.php?rest_route=\/wp\/v2\/types\/post"}],"author":[{"embeddable":true,"href":"https:\/\/divulga.unila.edu.br\/umapas\/index.php?rest_route=\/wp\/v2\/users\/2"}],"replies":[{"embeddable":true,"href":"https:\/\/divulga.unila.edu.br\/umapas\/index.php?rest_route=%2Fwp%2Fv2%2Fcomments&post=12664"}],"version-history":[{"count":1,"href":"https:\/\/divulga.unila.edu.br\/umapas\/index.php?rest_route=\/wp\/v2\/posts\/12664\/revisions"}],"predecessor-version":[{"id":12667,"href":"https:\/\/divulga.unila.edu.br\/umapas\/index.php?rest_route=\/wp\/v2\/posts\/12664\/revisions\/12667"}],"wp:attachment":[{"href":"https:\/\/divulga.unila.edu.br\/umapas\/index.php?rest_route=%2Fwp%2Fv2%2Fmedia&parent=12664"}],"wp:term":[{"taxonomy":"category","embeddable":true,"href":"https:\/\/divulga.unila.edu.br\/umapas\/index.php?rest_route=%2Fwp%2Fv2%2Fcategories&post=12664"},{"taxonomy":"post_tag","embeddable":true,"href":"https:\/\/divulga.unila.edu.br\/umapas\/index.php?rest_route=%2Fwp%2Fv2%2Ftags&post=12664"}],"curies":[{"name":"wp","href":"https:\/\/api.w.org\/{rel}","templated":true}]}}