{"id":12656,"date":"2023-01-23T16:17:21","date_gmt":"2023-01-23T19:17:21","guid":{"rendered":"https:\/\/unila.edu.br\/umapas\/?p=12656"},"modified":"2023-01-23T16:17:21","modified_gmt":"2023-01-23T19:17:21","slug":"a-importancia-da-aquisicao-do-conhecimento-cientifico-enquanto-instrumento-necessario-a-auto-organizacao-social-de-sujeitos-com-deficiencia-visual-na-america-latina","status":"publish","type":"post","link":"https:\/\/divulga.unila.edu.br\/umapas\/?p=12656","title":{"rendered":"A import\u00e2ncia da aquisi\u00e7\u00e3o do conhecimento cient\u00edfico enquanto instrumento necess\u00e1rio \u00e0 auto-organiza\u00e7\u00e3o social de sujeitos com defici\u00eancia visual na Am\u00e9rica Latina"},"content":{"rendered":"<p style=\"text-align: justify;\"><strong>Coordenadora:<\/strong> Luzia Alves da Silva<\/p>\n<p style=\"text-align: justify;\"><strong>Contato:<\/strong> luzia.silva@unila.edu.br<\/p>\n<p><strong>Local de realiza\u00e7\u00e3o:<\/strong> Associa\u00e7\u00e3o Cascavelense de Pessoas com Defici\u1ebdncia Visual &#8211; ACADEVI &#8211; Esta\u00e7\u00e3o Rodovi\u00e1ria de Cascavel &#8211; Avenida Assun\u00e7\u00e3o, 1757, Alto Alegre, Cascavel, Paran\u00e1 &#8211; Brasil.<\/p>\n<p><strong>Para mais informa\u00e7\u00f5es, acesse: <\/strong><a href=\"https:\/\/sig.unila.edu.br\/sigaa\/link\/public\/extensao\/visualizacaoAcaoExtensao\/91793413\" target=\"_blank\">https:\/\/sig.unila.edu.br\/sigaa\/link\/public\/extensao\/visualizacaoAcaoExtensao\/91793413<\/a><strong><br \/>\n<\/strong><\/p>\n","protected":false},"excerpt":{"rendered":"<p>Coordenadora: Luzia Alves da Silva Contato: luzia.silva@unila.edu.br Local de realiza\u00e7\u00e3o: Associa\u00e7\u00e3o Cascavelense de Pessoas com Defici\u1ebdncia Visual &#8211; ACADEVI &#8211; Esta\u00e7\u00e3o Rodovi\u00e1ria de Cascavel &#8211; Avenida Assun\u00e7\u00e3o, 1757, Alto Alegre, Cascavel, Paran\u00e1 &#8211; Brasil. Para mais informa\u00e7\u00f5es, acesse: https:\/\/sig.unila.edu.br\/sigaa\/link\/public\/extensao\/visualizacaoAcaoExtensao\/91793413<\/p>\n","protected":false},"author":2,"featured_media":0,"comment_status":"closed","ping_status":"open","sticky":false,"template":"","format":"standard","meta":{"footnotes":""},"categories":[42,44,56],"tags":[],"class_list":["post-12656","post","type-post","status-publish","format-standard","hentry","category-acao-de-extensao","category-evento","category-inclusao-social"],"_links":{"self":[{"href":"https:\/\/divulga.unila.edu.br\/umapas\/index.php?rest_route=\/wp\/v2\/posts\/12656","targetHints":{"allow":["GET"]}}],"collection":[{"href":"https:\/\/divulga.unila.edu.br\/umapas\/index.php?rest_route=\/wp\/v2\/posts"}],"about":[{"href":"https:\/\/divulga.unila.edu.br\/umapas\/index.php?rest_route=\/wp\/v2\/types\/post"}],"author":[{"embeddable":true,"href":"https:\/\/divulga.unila.edu.br\/umapas\/index.php?rest_route=\/wp\/v2\/users\/2"}],"replies":[{"embeddable":true,"href":"https:\/\/divulga.unila.edu.br\/umapas\/index.php?rest_route=%2Fwp%2Fv2%2Fcomments&post=12656"}],"version-history":[{"count":1,"href":"https:\/\/divulga.unila.edu.br\/umapas\/index.php?rest_route=\/wp\/v2\/posts\/12656\/revisions"}],"predecessor-version":[{"id":12657,"href":"https:\/\/divulga.unila.edu.br\/umapas\/index.php?rest_route=\/wp\/v2\/posts\/12656\/revisions\/12657"}],"wp:attachment":[{"href":"https:\/\/divulga.unila.edu.br\/umapas\/index.php?rest_route=%2Fwp%2Fv2%2Fmedia&parent=12656"}],"wp:term":[{"taxonomy":"category","embeddable":true,"href":"https:\/\/divulga.unila.edu.br\/umapas\/index.php?rest_route=%2Fwp%2Fv2%2Fcategories&post=12656"},{"taxonomy":"post_tag","embeddable":true,"href":"https:\/\/divulga.unila.edu.br\/umapas\/index.php?rest_route=%2Fwp%2Fv2%2Ftags&post=12656"}],"curies":[{"name":"wp","href":"https:\/\/api.w.org\/{rel}","templated":true}]}}