{"id":1249,"date":"2017-03-17T16:57:50","date_gmt":"2017-03-17T16:57:50","guid":{"rendered":"https:\/\/unila.edu.br\/umapas\/?p=1249"},"modified":"2017-09-06T19:11:52","modified_gmt":"2017-09-06T19:11:52","slug":"curso-de-extensao-geopolitica-dos-conflitos-e-processos-de-integracao-regional-em-perspectiva-comparada-na-america-latina-africa-e-asia-3","status":"publish","type":"post","link":"https:\/\/divulga.unila.edu.br\/umapas\/?p=1249","title":{"rendered":"Curso de Extens\u00e3o: Geopol\u00edtica dos Conflitos e Processos de Integra\u00e7\u00e3o Regional em Perspectiva Comparada na Am\u00e9rica Latina, \u00c1frica e \u00c1sia"},"content":{"rendered":"<p style=\"text-align: justify;\"><strong>Coordenador:<\/strong> Lucas Kerr de Oliveira<\/p>\n<p style=\"text-align: justify;\"><strong>Contato:<\/strong> lucas.oliveira@unila.edu.br<\/p>\n<p><strong>Local de realiza\u00e7\u00e3o:<\/strong> C\u00e2mara Municipal de Foz do Igua\u00e7u \u2013 Travessa Oscar Muxfeldt, 81, Centro, Foz do Igua\u00e7u \u2013 PR. CEP: 85851-000 (4 de 4)<\/p>\n<p><strong>Para mais informa\u00e7\u00f5es, acesse:<\/strong> <a href=\"https:\/\/sig.unila.edu.br\/sigaa\/link\/public\/extensao\/visualizacaoAcaoExtensao\/91793796\" target=\"_blank\">https:\/\/sig.unila.edu.br\/sigaa\/link\/public\/extensao\/visualizacaoAcaoExtensao\/91793796<\/a><\/p>\n","protected":false},"excerpt":{"rendered":"<p>Coordenador: Lucas Kerr de Oliveira Contato: lucas.oliveira@unila.edu.br Local de realiza\u00e7\u00e3o: C\u00e2mara Municipal de Foz do Igua\u00e7u \u2013 Travessa Oscar Muxfeldt, 81, Centro, Foz do Igua\u00e7u \u2013 PR. CEP: 85851-000 (4 de 4) Para mais informa\u00e7\u00f5es, acesse: https:\/\/sig.unila.edu.br\/sigaa\/link\/public\/extensao\/visualizacaoAcaoExtensao\/91793796<\/p>\n","protected":false},"author":2,"featured_media":0,"comment_status":"closed","ping_status":"open","sticky":false,"template":"","format":"standard","meta":{"footnotes":""},"categories":[42,45,57],"tags":[],"class_list":["post-1249","post","type-post","status-publish","format-standard","hentry","category-acao-de-extensao","category-curso","category-economia-politica-e-desenvolvimento"],"_links":{"self":[{"href":"https:\/\/divulga.unila.edu.br\/umapas\/index.php?rest_route=\/wp\/v2\/posts\/1249","targetHints":{"allow":["GET"]}}],"collection":[{"href":"https:\/\/divulga.unila.edu.br\/umapas\/index.php?rest_route=\/wp\/v2\/posts"}],"about":[{"href":"https:\/\/divulga.unila.edu.br\/umapas\/index.php?rest_route=\/wp\/v2\/types\/post"}],"author":[{"embeddable":true,"href":"https:\/\/divulga.unila.edu.br\/umapas\/index.php?rest_route=\/wp\/v2\/users\/2"}],"replies":[{"embeddable":true,"href":"https:\/\/divulga.unila.edu.br\/umapas\/index.php?rest_route=%2Fwp%2Fv2%2Fcomments&post=1249"}],"version-history":[{"count":4,"href":"https:\/\/divulga.unila.edu.br\/umapas\/index.php?rest_route=\/wp\/v2\/posts\/1249\/revisions"}],"predecessor-version":[{"id":1405,"href":"https:\/\/divulga.unila.edu.br\/umapas\/index.php?rest_route=\/wp\/v2\/posts\/1249\/revisions\/1405"}],"wp:attachment":[{"href":"https:\/\/divulga.unila.edu.br\/umapas\/index.php?rest_route=%2Fwp%2Fv2%2Fmedia&parent=1249"}],"wp:term":[{"taxonomy":"category","embeddable":true,"href":"https:\/\/divulga.unila.edu.br\/umapas\/index.php?rest_route=%2Fwp%2Fv2%2Fcategories&post=1249"},{"taxonomy":"post_tag","embeddable":true,"href":"https:\/\/divulga.unila.edu.br\/umapas\/index.php?rest_route=%2Fwp%2Fv2%2Ftags&post=1249"}],"curies":[{"name":"wp","href":"https:\/\/api.w.org\/{rel}","templated":true}]}}