{"id":12423,"date":"2023-01-19T15:40:45","date_gmt":"2023-01-19T18:40:45","guid":{"rendered":"https:\/\/unila.edu.br\/umapas\/?p=12423"},"modified":"2023-01-19T15:40:45","modified_gmt":"2023-01-19T18:40:45","slug":"mistura-de-isopor-com-laranja-vai-que-cola-2","status":"publish","type":"post","link":"https:\/\/divulga.unila.edu.br\/umapas\/?p=12423","title":{"rendered":"Mistura de Isopor com Laranja? Vai que cola!"},"content":{"rendered":"<p style=\"text-align: justify;\"><strong>Coordenadora:<\/strong> Caroline da Costa Silva Gon\u00e7alves<\/p>\n<p style=\"text-align: justify;\"><strong>Contato:<\/strong> caroline.goncalves@unila.edu.br<\/p>\n<p><strong>Local de realiza\u00e7\u00e3o:<\/strong> Col\u00e9gio Estadual Pioneiros &#8211; Rua Paulo Schertner, 238, Jardim It\u00e1lia, Foz do Igua\u00e7u, Paran\u00e1 &#8211; Brasil.<\/p>\n<p><strong>Para mais informa\u00e7\u00f5es, acesse: <\/strong><a href=\"https:\/\/sig.unila.edu.br\/sigaa\/link\/public\/extensao\/visualizacaoAcaoExtensao\/91795292\" target=\"_blank\">https:\/\/sig.unila.edu.br\/sigaa\/link\/public\/extensao\/visualizacaoAcaoExtensao\/91795292<\/a><strong><br \/>\n<\/strong><\/p>\n","protected":false},"excerpt":{"rendered":"<p>Coordenadora: Caroline da Costa Silva Gon\u00e7alves Contato: caroline.goncalves@unila.edu.br Local de realiza\u00e7\u00e3o: Col\u00e9gio Estadual Pioneiros &#8211; Rua Paulo Schertner, 238, Jardim It\u00e1lia, Foz do Igua\u00e7u, Paran\u00e1 &#8211; Brasil. Para mais informa\u00e7\u00f5es, acesse: https:\/\/sig.unila.edu.br\/sigaa\/link\/public\/extensao\/visualizacaoAcaoExtensao\/91795292<\/p>\n","protected":false},"author":2,"featured_media":0,"comment_status":"closed","ping_status":"open","sticky":false,"template":"","format":"standard","meta":{"footnotes":""},"categories":[42,53,43],"tags":[],"class_list":["post-12423","post","type-post","status-publish","format-standard","hentry","category-acao-de-extensao","category-meio-ambiente","category-projeto"],"_links":{"self":[{"href":"https:\/\/divulga.unila.edu.br\/umapas\/index.php?rest_route=\/wp\/v2\/posts\/12423","targetHints":{"allow":["GET"]}}],"collection":[{"href":"https:\/\/divulga.unila.edu.br\/umapas\/index.php?rest_route=\/wp\/v2\/posts"}],"about":[{"href":"https:\/\/divulga.unila.edu.br\/umapas\/index.php?rest_route=\/wp\/v2\/types\/post"}],"author":[{"embeddable":true,"href":"https:\/\/divulga.unila.edu.br\/umapas\/index.php?rest_route=\/wp\/v2\/users\/2"}],"replies":[{"embeddable":true,"href":"https:\/\/divulga.unila.edu.br\/umapas\/index.php?rest_route=%2Fwp%2Fv2%2Fcomments&post=12423"}],"version-history":[{"count":1,"href":"https:\/\/divulga.unila.edu.br\/umapas\/index.php?rest_route=\/wp\/v2\/posts\/12423\/revisions"}],"predecessor-version":[{"id":12425,"href":"https:\/\/divulga.unila.edu.br\/umapas\/index.php?rest_route=\/wp\/v2\/posts\/12423\/revisions\/12425"}],"wp:attachment":[{"href":"https:\/\/divulga.unila.edu.br\/umapas\/index.php?rest_route=%2Fwp%2Fv2%2Fmedia&parent=12423"}],"wp:term":[{"taxonomy":"category","embeddable":true,"href":"https:\/\/divulga.unila.edu.br\/umapas\/index.php?rest_route=%2Fwp%2Fv2%2Fcategories&post=12423"},{"taxonomy":"post_tag","embeddable":true,"href":"https:\/\/divulga.unila.edu.br\/umapas\/index.php?rest_route=%2Fwp%2Fv2%2Ftags&post=12423"}],"curies":[{"name":"wp","href":"https:\/\/api.w.org\/{rel}","templated":true}]}}