{"id":1236,"date":"2017-02-03T19:43:03","date_gmt":"2017-02-03T19:43:03","guid":{"rendered":"https:\/\/unila.edu.br\/umapas\/?p=1236"},"modified":"2017-09-04T19:01:53","modified_gmt":"2017-09-04T19:01:53","slug":"ciclo-de-dialogos-sobre-imagem-estetica-e-politica-2","status":"publish","type":"post","link":"https:\/\/divulga.unila.edu.br\/umapas\/?p=1236","title":{"rendered":"Ciclo de di\u00e1logos sobre imagem, est\u00e9tica e pol\u00edtica"},"content":{"rendered":"<p><strong>Coordenador:\u00a0<\/strong>Fabio Allan Mendes Ramalho<\/p>\n<p><strong>Contato:<\/strong> fabio.ramalho@unila.edu.br<\/p>\n<p><strong>Local de realiza\u00e7\u00e3o:<\/strong> Zool\u00f3gico Bosque Guarani \u2013 Rua Tarob\u00e1, s\/n, Centro, Foz do Igua\u00e7u \u2013 PR. CEP: 85851-220 (2 de 2)<\/p>\n<p><strong>Para mais informa\u00e7\u00f5es, acesse:<\/strong> <a href=\"https:\/\/sig.unila.edu.br\/sigaa\/link\/public\/extensao\/visualizacaoAcaoExtensao\/91793692\" target=\"_blank\">https:\/\/sig.unila.edu.br\/sigaa\/link\/public\/extensao\/visualizacaoAcaoExtensao\/91793692<\/a><\/p>\n","protected":false},"excerpt":{"rendered":"<p>Coordenador:\u00a0Fabio Allan Mendes Ramalho Contato: fabio.ramalho@unila.edu.br Local de realiza\u00e7\u00e3o: Zool\u00f3gico Bosque Guarani \u2013 Rua Tarob\u00e1, s\/n, Centro, Foz do Igua\u00e7u \u2013 PR. CEP: 85851-220 (2 de 2) Para mais informa\u00e7\u00f5es, acesse: https:\/\/sig.unila.edu.br\/sigaa\/link\/public\/extensao\/visualizacaoAcaoExtensao\/91793692<\/p>\n","protected":false},"author":2,"featured_media":0,"comment_status":"closed","ping_status":"open","sticky":false,"template":"","format":"standard","meta":{"footnotes":""},"categories":[42,50,45],"tags":[],"class_list":["post-1236","post","type-post","status-publish","format-standard","hentry","category-acao-de-extensao","category-cultura-e-artes","category-curso"],"_links":{"self":[{"href":"https:\/\/divulga.unila.edu.br\/umapas\/index.php?rest_route=\/wp\/v2\/posts\/1236","targetHints":{"allow":["GET"]}}],"collection":[{"href":"https:\/\/divulga.unila.edu.br\/umapas\/index.php?rest_route=\/wp\/v2\/posts"}],"about":[{"href":"https:\/\/divulga.unila.edu.br\/umapas\/index.php?rest_route=\/wp\/v2\/types\/post"}],"author":[{"embeddable":true,"href":"https:\/\/divulga.unila.edu.br\/umapas\/index.php?rest_route=\/wp\/v2\/users\/2"}],"replies":[{"embeddable":true,"href":"https:\/\/divulga.unila.edu.br\/umapas\/index.php?rest_route=%2Fwp%2Fv2%2Fcomments&post=1236"}],"version-history":[{"count":2,"href":"https:\/\/divulga.unila.edu.br\/umapas\/index.php?rest_route=\/wp\/v2\/posts\/1236\/revisions"}],"predecessor-version":[{"id":1244,"href":"https:\/\/divulga.unila.edu.br\/umapas\/index.php?rest_route=\/wp\/v2\/posts\/1236\/revisions\/1244"}],"wp:attachment":[{"href":"https:\/\/divulga.unila.edu.br\/umapas\/index.php?rest_route=%2Fwp%2Fv2%2Fmedia&parent=1236"}],"wp:term":[{"taxonomy":"category","embeddable":true,"href":"https:\/\/divulga.unila.edu.br\/umapas\/index.php?rest_route=%2Fwp%2Fv2%2Fcategories&post=1236"},{"taxonomy":"post_tag","embeddable":true,"href":"https:\/\/divulga.unila.edu.br\/umapas\/index.php?rest_route=%2Fwp%2Fv2%2Ftags&post=1236"}],"curies":[{"name":"wp","href":"https:\/\/api.w.org\/{rel}","templated":true}]}}