{"id":12232,"date":"2022-11-09T11:04:47","date_gmt":"2022-11-09T14:04:47","guid":{"rendered":"https:\/\/unila.edu.br\/umapas\/?p=12232"},"modified":"2022-11-09T11:04:47","modified_gmt":"2022-11-09T14:04:47","slug":"acervo-digital-espacos-culturais-publicos-e-autonomos-no-parana-e-regiao-da-fronteira-trinacional-9","status":"publish","type":"post","link":"https:\/\/divulga.unila.edu.br\/umapas\/?p=12232","title":{"rendered":"Acervo Digital: espa\u00e7os culturais p\u00fablicos e aut\u00f4nomos no Paran\u00e1 e regi\u00e3o da fronteira trinacional"},"content":{"rendered":"<p style=\"text-align: justify;\"><strong>Coordenadora:<\/strong> Michele Dacas<\/p>\n<p style=\"text-align: justify;\"><strong>Contato:<\/strong> michele.dacas@unila.edu.br<\/p>\n<p><strong>Local de realiza\u00e7\u00e3o:<\/strong> Museu do Lixo da Associa\u00e7\u00e3o de Catadores da Vila Corb\u00e9lia &#8211; Rua Victor Grycajuk, 119, Cidade Industrial, Curitiba, Paran\u00e1 &#8211; Brasil.<\/p>\n<p><strong>Para mais informa\u00e7\u00f5es, acesse: <\/strong><a href=\"https:\/\/sig.unila.edu.br\/sigaa\/link\/public\/extensao\/visualizacaoAcaoExtensao\/91795212\" target=\"_blank\">https:\/\/sig.unila.edu.br\/sigaa\/link\/public\/extensao\/visualizacaoAcaoExtensao\/91795212<\/a><strong><br \/>\n<\/strong><\/p>\n","protected":false},"excerpt":{"rendered":"<p>Coordenadora: Michele Dacas Contato: michele.dacas@unila.edu.br Local de realiza\u00e7\u00e3o: Museu do Lixo da Associa\u00e7\u00e3o de Catadores da Vila Corb\u00e9lia &#8211; Rua Victor Grycajuk, 119, Cidade Industrial, Curitiba, Paran\u00e1 &#8211; Brasil. Para mais informa\u00e7\u00f5es, acesse: https:\/\/sig.unila.edu.br\/sigaa\/link\/public\/extensao\/visualizacaoAcaoExtensao\/91795212<\/p>\n","protected":false},"author":2,"featured_media":0,"comment_status":"closed","ping_status":"open","sticky":false,"template":"","format":"standard","meta":{"footnotes":""},"categories":[42,50,43],"tags":[],"class_list":["post-12232","post","type-post","status-publish","format-standard","hentry","category-acao-de-extensao","category-cultura-e-artes","category-projeto"],"_links":{"self":[{"href":"https:\/\/divulga.unila.edu.br\/umapas\/index.php?rest_route=\/wp\/v2\/posts\/12232","targetHints":{"allow":["GET"]}}],"collection":[{"href":"https:\/\/divulga.unila.edu.br\/umapas\/index.php?rest_route=\/wp\/v2\/posts"}],"about":[{"href":"https:\/\/divulga.unila.edu.br\/umapas\/index.php?rest_route=\/wp\/v2\/types\/post"}],"author":[{"embeddable":true,"href":"https:\/\/divulga.unila.edu.br\/umapas\/index.php?rest_route=\/wp\/v2\/users\/2"}],"replies":[{"embeddable":true,"href":"https:\/\/divulga.unila.edu.br\/umapas\/index.php?rest_route=%2Fwp%2Fv2%2Fcomments&post=12232"}],"version-history":[{"count":1,"href":"https:\/\/divulga.unila.edu.br\/umapas\/index.php?rest_route=\/wp\/v2\/posts\/12232\/revisions"}],"predecessor-version":[{"id":12233,"href":"https:\/\/divulga.unila.edu.br\/umapas\/index.php?rest_route=\/wp\/v2\/posts\/12232\/revisions\/12233"}],"wp:attachment":[{"href":"https:\/\/divulga.unila.edu.br\/umapas\/index.php?rest_route=%2Fwp%2Fv2%2Fmedia&parent=12232"}],"wp:term":[{"taxonomy":"category","embeddable":true,"href":"https:\/\/divulga.unila.edu.br\/umapas\/index.php?rest_route=%2Fwp%2Fv2%2Fcategories&post=12232"},{"taxonomy":"post_tag","embeddable":true,"href":"https:\/\/divulga.unila.edu.br\/umapas\/index.php?rest_route=%2Fwp%2Fv2%2Ftags&post=12232"}],"curies":[{"name":"wp","href":"https:\/\/api.w.org\/{rel}","templated":true}]}}