{"id":11626,"date":"2022-05-10T14:02:19","date_gmt":"2022-05-10T17:02:19","guid":{"rendered":"https:\/\/unila.edu.br\/umapas\/?p=11626"},"modified":"2022-05-10T14:02:19","modified_gmt":"2022-05-10T17:02:19","slug":"centro-municipal-de-educacao-infantil-comendador-pedro-jacob-lakus","status":"publish","type":"post","link":"https:\/\/divulga.unila.edu.br\/umapas\/?p=11626","title":{"rendered":"Centro Municipal de Educa\u00e7\u00e3o Infantil Comendador Pedro Jacob Lakus"},"content":{"rendered":"<p><strong>Endere\u00e7o: <\/strong>Rua Franco Velasco, 285, Tr\u00eas Bandeiras, Foz do Igua\u00e7u, Paran\u00e1 &#8211; Brasil<br \/>\n<strong>CEP: <\/strong>85.862-259<\/p>\n<p><strong>Contato: <\/strong>(45) 3901-3315 | cmeicpedrojlakus@gmail.com<\/p>\n","protected":false},"excerpt":{"rendered":"<p>Endere\u00e7o: Rua Franco Velasco, 285, Tr\u00eas Bandeiras, Foz do Igua\u00e7u, Paran\u00e1 &#8211; Brasil CEP: 85.862-259 Contato: (45) 3901-3315 | cmeicpedrojlakus@gmail.com<\/p>\n","protected":false},"author":2,"featured_media":0,"comment_status":"closed","ping_status":"open","sticky":false,"template":"","format":"standard","meta":{"footnotes":""},"categories":[235,144,29],"tags":[],"class_list":["post-11626","post","type-post","status-publish","format-standard","hentry","category-centro-municipal-de-educacao-infantil","category-instituicao-de-ensino","category-instituicao-publica"],"_links":{"self":[{"href":"https:\/\/divulga.unila.edu.br\/umapas\/index.php?rest_route=\/wp\/v2\/posts\/11626","targetHints":{"allow":["GET"]}}],"collection":[{"href":"https:\/\/divulga.unila.edu.br\/umapas\/index.php?rest_route=\/wp\/v2\/posts"}],"about":[{"href":"https:\/\/divulga.unila.edu.br\/umapas\/index.php?rest_route=\/wp\/v2\/types\/post"}],"author":[{"embeddable":true,"href":"https:\/\/divulga.unila.edu.br\/umapas\/index.php?rest_route=\/wp\/v2\/users\/2"}],"replies":[{"embeddable":true,"href":"https:\/\/divulga.unila.edu.br\/umapas\/index.php?rest_route=%2Fwp%2Fv2%2Fcomments&post=11626"}],"version-history":[{"count":1,"href":"https:\/\/divulga.unila.edu.br\/umapas\/index.php?rest_route=\/wp\/v2\/posts\/11626\/revisions"}],"predecessor-version":[{"id":11628,"href":"https:\/\/divulga.unila.edu.br\/umapas\/index.php?rest_route=\/wp\/v2\/posts\/11626\/revisions\/11628"}],"wp:attachment":[{"href":"https:\/\/divulga.unila.edu.br\/umapas\/index.php?rest_route=%2Fwp%2Fv2%2Fmedia&parent=11626"}],"wp:term":[{"taxonomy":"category","embeddable":true,"href":"https:\/\/divulga.unila.edu.br\/umapas\/index.php?rest_route=%2Fwp%2Fv2%2Fcategories&post=11626"},{"taxonomy":"post_tag","embeddable":true,"href":"https:\/\/divulga.unila.edu.br\/umapas\/index.php?rest_route=%2Fwp%2Fv2%2Ftags&post=11626"}],"curies":[{"name":"wp","href":"https:\/\/api.w.org\/{rel}","templated":true}]}}