{"id":11530,"date":"2022-05-06T14:38:08","date_gmt":"2022-05-06T17:38:08","guid":{"rendered":"https:\/\/unila.edu.br\/umapas\/?p=11530"},"modified":"2022-05-06T14:38:08","modified_gmt":"2022-05-06T17:38:08","slug":"escola-popular-de-planejamento-da-cidade-5","status":"publish","type":"post","link":"https:\/\/divulga.unila.edu.br\/umapas\/?p=11530","title":{"rendered":"Escola Popular de Planejamento da Cidade"},"content":{"rendered":"<p style=\"text-align: justify;\"><strong>Coordenadora: <\/strong>Cecilia Maria de Morais Machado Angileli<\/p>\n<p style=\"text-align: justify;\"><strong>Contato: <\/strong>cecilia.angileli@unila.edu.br<\/p>\n<p><strong>Local de realiza\u00e7\u00e3o: <\/strong>Acampamento Sebasti\u00e3o Camargo &#8211; Assentamento Ant\u00f4nio Companheiro Tavares (MST) \u2013 BR-277, KM-702, Comunidade de Nova Roma, S\u00e3o Miguel do Igua\u00e7u, Paran\u00e1 \u2013 Brasil.<\/p>\n<p><strong>Para mais informa\u00e7\u00f5es, acesse: <\/strong><a href=\"https:\/\/sig.unila.edu.br\/sigaa\/link\/public\/extensao\/visualizacaoAcaoExtensao\/91794859\" target=\"_blank\">https:\/\/sig.unila.edu.br\/sigaa\/link\/public\/extensao\/visualizacaoAcaoExtensao\/91794859<\/a><strong><br \/>\n<\/strong><\/p>\n","protected":false},"excerpt":{"rendered":"<p>Coordenadora: Cecilia Maria de Morais Machado Angileli Contato: cecilia.angileli@unila.edu.br Local de realiza\u00e7\u00e3o: Acampamento Sebasti\u00e3o Camargo &#8211; Assentamento Ant\u00f4nio Companheiro Tavares (MST) \u2013 BR-277, KM-702, Comunidade de Nova Roma, S\u00e3o Miguel do Igua\u00e7u, Paran\u00e1 \u2013 Brasil. Para mais informa\u00e7\u00f5es, acesse: https:\/\/sig.unila.edu.br\/sigaa\/link\/public\/extensao\/visualizacaoAcaoExtensao\/91794859<\/p>\n","protected":false},"author":2,"featured_media":0,"comment_status":"closed","ping_status":"open","sticky":false,"template":"","format":"standard","meta":{"footnotes":""},"categories":[42,51,43],"tags":[],"class_list":["post-11530","post","type-post","status-publish","format-standard","hentry","category-acao-de-extensao","category-direitos-humanos-e-justica","category-projeto"],"_links":{"self":[{"href":"https:\/\/divulga.unila.edu.br\/umapas\/index.php?rest_route=\/wp\/v2\/posts\/11530","targetHints":{"allow":["GET"]}}],"collection":[{"href":"https:\/\/divulga.unila.edu.br\/umapas\/index.php?rest_route=\/wp\/v2\/posts"}],"about":[{"href":"https:\/\/divulga.unila.edu.br\/umapas\/index.php?rest_route=\/wp\/v2\/types\/post"}],"author":[{"embeddable":true,"href":"https:\/\/divulga.unila.edu.br\/umapas\/index.php?rest_route=\/wp\/v2\/users\/2"}],"replies":[{"embeddable":true,"href":"https:\/\/divulga.unila.edu.br\/umapas\/index.php?rest_route=%2Fwp%2Fv2%2Fcomments&post=11530"}],"version-history":[{"count":1,"href":"https:\/\/divulga.unila.edu.br\/umapas\/index.php?rest_route=\/wp\/v2\/posts\/11530\/revisions"}],"predecessor-version":[{"id":11531,"href":"https:\/\/divulga.unila.edu.br\/umapas\/index.php?rest_route=\/wp\/v2\/posts\/11530\/revisions\/11531"}],"wp:attachment":[{"href":"https:\/\/divulga.unila.edu.br\/umapas\/index.php?rest_route=%2Fwp%2Fv2%2Fmedia&parent=11530"}],"wp:term":[{"taxonomy":"category","embeddable":true,"href":"https:\/\/divulga.unila.edu.br\/umapas\/index.php?rest_route=%2Fwp%2Fv2%2Fcategories&post=11530"},{"taxonomy":"post_tag","embeddable":true,"href":"https:\/\/divulga.unila.edu.br\/umapas\/index.php?rest_route=%2Fwp%2Fv2%2Ftags&post=11530"}],"curies":[{"name":"wp","href":"https:\/\/api.w.org\/{rel}","templated":true}]}}