{"id":1152,"date":"2017-06-19T20:06:56","date_gmt":"2017-06-19T20:06:56","guid":{"rendered":"http:\/\/10.80.6.168\/wordpress.mapeamento\/?p=1152"},"modified":"2017-09-06T17:43:58","modified_gmt":"2017-09-06T17:43:58","slug":"extensao-e-comunidade-a-unila-ao-seu-alcance-14","status":"publish","type":"post","link":"https:\/\/divulga.unila.edu.br\/umapas\/?p=1152","title":{"rendered":"Extens\u00e3o e Comunidade: a Unila ao seu alcance"},"content":{"rendered":"<p style=\"text-align: justify;\"><strong>Coordenadora:<\/strong> Michele de Oliveira Jimenez<\/p>\n<p style=\"text-align: justify;\"><strong>Contato:<\/strong> mizinhajimenez@gmail.com<\/p>\n<p><strong>Local de realiza\u00e7\u00e3o:<\/strong> Col\u00e9gio Estadual Santa Rita &#8211; Rua Oscar Alfredo Franco, 65, Jardim Santa Rita, Foz do Igua\u00e7u \u2013 PR. CEP: 85862-305 (14 de 26)<\/p>\n<p><strong>Para mais informa\u00e7\u00f5es, acesse:<\/strong> <a href=\"https:\/\/sig.unila.edu.br\/sigaa\/link\/public\/extensao\/visualizacaoAcaoExtensao\/91793678\" target=\"_blank\">https:\/\/sig.unila.edu.br\/sigaa\/link\/public\/extensao\/visualizacaoAcaoExtensao\/91793678<\/a><\/p>\n","protected":false},"excerpt":{"rendered":"<p>Coordenadora: Michele de Oliveira Jimenez Contato: mizinhajimenez@gmail.com Local de realiza\u00e7\u00e3o: Col\u00e9gio Estadual Santa Rita &#8211; Rua Oscar Alfredo Franco, 65, Jardim Santa Rita, Foz do Igua\u00e7u \u2013 PR. CEP: 85862-305 (14 de 26) Para mais informa\u00e7\u00f5es, acesse: https:\/\/sig.unila.edu.br\/sigaa\/link\/public\/extensao\/visualizacaoAcaoExtensao\/91793678<\/p>\n","protected":false},"author":2,"featured_media":0,"comment_status":"open","ping_status":"open","sticky":false,"template":"","format":"standard","meta":{"footnotes":""},"categories":[42,52,43],"tags":[],"class_list":["post-1152","post","type-post","status-publish","format-standard","hentry","category-acao-de-extensao","category-educacao-letras-e-linguas","category-projeto"],"_links":{"self":[{"href":"https:\/\/divulga.unila.edu.br\/umapas\/index.php?rest_route=\/wp\/v2\/posts\/1152","targetHints":{"allow":["GET"]}}],"collection":[{"href":"https:\/\/divulga.unila.edu.br\/umapas\/index.php?rest_route=\/wp\/v2\/posts"}],"about":[{"href":"https:\/\/divulga.unila.edu.br\/umapas\/index.php?rest_route=\/wp\/v2\/types\/post"}],"author":[{"embeddable":true,"href":"https:\/\/divulga.unila.edu.br\/umapas\/index.php?rest_route=\/wp\/v2\/users\/2"}],"replies":[{"embeddable":true,"href":"https:\/\/divulga.unila.edu.br\/umapas\/index.php?rest_route=%2Fwp%2Fv2%2Fcomments&post=1152"}],"version-history":[{"count":1,"href":"https:\/\/divulga.unila.edu.br\/umapas\/index.php?rest_route=\/wp\/v2\/posts\/1152\/revisions"}],"predecessor-version":[{"id":1153,"href":"https:\/\/divulga.unila.edu.br\/umapas\/index.php?rest_route=\/wp\/v2\/posts\/1152\/revisions\/1153"}],"wp:attachment":[{"href":"https:\/\/divulga.unila.edu.br\/umapas\/index.php?rest_route=%2Fwp%2Fv2%2Fmedia&parent=1152"}],"wp:term":[{"taxonomy":"category","embeddable":true,"href":"https:\/\/divulga.unila.edu.br\/umapas\/index.php?rest_route=%2Fwp%2Fv2%2Fcategories&post=1152"},{"taxonomy":"post_tag","embeddable":true,"href":"https:\/\/divulga.unila.edu.br\/umapas\/index.php?rest_route=%2Fwp%2Fv2%2Ftags&post=1152"}],"curies":[{"name":"wp","href":"https:\/\/api.w.org\/{rel}","templated":true}]}}