{"id":11486,"date":"2022-05-06T14:02:55","date_gmt":"2022-05-06T17:02:55","guid":{"rendered":"https:\/\/unila.edu.br\/umapas\/?p=11486"},"modified":"2022-05-06T14:02:55","modified_gmt":"2022-05-06T17:02:55","slug":"mapeamento-social-da-regiao-de-fronteira-trinacional-brasil-argentina-e-paraguai-ii-etapa-9","status":"publish","type":"post","link":"https:\/\/divulga.unila.edu.br\/umapas\/?p=11486","title":{"rendered":"Mapeamento Social da Regi\u00e3o de Fronteira Trinacional: Brasil, Argentina e Paraguai: II etapa"},"content":{"rendered":"<p style=\"text-align: justify;\"><strong>Coordenador: <\/strong>Rafael Franca Palmeira<\/p>\n<p style=\"text-align: justify;\"><strong>Contato: <\/strong>dissutec@unila.edu.br<\/p>\n<p><strong>Local de realiza\u00e7\u00e3o: <\/strong>UNILA Unidade Administrativa Vila A \u2013 Avenida S\u00edlvio Am\u00e9rico Sasdelli, 1842, Vila A, Foz do Igua\u00e7u, Paran\u00e1 \u2013 Brasil.<\/p>\n<p><strong>Para mais informa\u00e7\u00f5es, acesse: <\/strong><a href=\"https:\/\/sig.unila.edu.br\/sigaa\/link\/public\/extensao\/visualizacaoAcaoExtensao\/91794173\" target=\"_blank\">https:\/\/sig.unila.edu.br\/sigaa\/link\/public\/extensao\/visualizacaoAcaoExtensao\/91794173<\/a><strong><br \/>\n<\/strong><\/p>\n","protected":false},"excerpt":{"rendered":"<p>Coordenador: Rafael Franca Palmeira Contato: dissutec@unila.edu.br Local de realiza\u00e7\u00e3o: UNILA Unidade Administrativa Vila A \u2013 Avenida S\u00edlvio Am\u00e9rico Sasdelli, 1842, Vila A, Foz do Igua\u00e7u, Paran\u00e1 \u2013 Brasil. Para mais informa\u00e7\u00f5es, acesse: https:\/\/sig.unila.edu.br\/sigaa\/link\/public\/extensao\/visualizacaoAcaoExtensao\/91794173<\/p>\n","protected":false},"author":2,"featured_media":0,"comment_status":"closed","ping_status":"open","sticky":false,"template":"","format":"standard","meta":{"footnotes":""},"categories":[42,51,43],"tags":[],"class_list":["post-11486","post","type-post","status-publish","format-standard","hentry","category-acao-de-extensao","category-direitos-humanos-e-justica","category-projeto"],"_links":{"self":[{"href":"https:\/\/divulga.unila.edu.br\/umapas\/index.php?rest_route=\/wp\/v2\/posts\/11486","targetHints":{"allow":["GET"]}}],"collection":[{"href":"https:\/\/divulga.unila.edu.br\/umapas\/index.php?rest_route=\/wp\/v2\/posts"}],"about":[{"href":"https:\/\/divulga.unila.edu.br\/umapas\/index.php?rest_route=\/wp\/v2\/types\/post"}],"author":[{"embeddable":true,"href":"https:\/\/divulga.unila.edu.br\/umapas\/index.php?rest_route=\/wp\/v2\/users\/2"}],"replies":[{"embeddable":true,"href":"https:\/\/divulga.unila.edu.br\/umapas\/index.php?rest_route=%2Fwp%2Fv2%2Fcomments&post=11486"}],"version-history":[{"count":1,"href":"https:\/\/divulga.unila.edu.br\/umapas\/index.php?rest_route=\/wp\/v2\/posts\/11486\/revisions"}],"predecessor-version":[{"id":11488,"href":"https:\/\/divulga.unila.edu.br\/umapas\/index.php?rest_route=\/wp\/v2\/posts\/11486\/revisions\/11488"}],"wp:attachment":[{"href":"https:\/\/divulga.unila.edu.br\/umapas\/index.php?rest_route=%2Fwp%2Fv2%2Fmedia&parent=11486"}],"wp:term":[{"taxonomy":"category","embeddable":true,"href":"https:\/\/divulga.unila.edu.br\/umapas\/index.php?rest_route=%2Fwp%2Fv2%2Fcategories&post=11486"},{"taxonomy":"post_tag","embeddable":true,"href":"https:\/\/divulga.unila.edu.br\/umapas\/index.php?rest_route=%2Fwp%2Fv2%2Ftags&post=11486"}],"curies":[{"name":"wp","href":"https:\/\/api.w.org\/{rel}","templated":true}]}}