{"id":11444,"date":"2022-03-17T10:26:51","date_gmt":"2022-03-17T13:26:51","guid":{"rendered":"https:\/\/unila.edu.br\/umapas\/?p=11444"},"modified":"2022-03-17T10:37:40","modified_gmt":"2022-03-17T13:37:40","slug":"associacao-um-chute-para-o-futuro","status":"publish","type":"post","link":"https:\/\/divulga.unila.edu.br\/umapas\/?p=11444","title":{"rendered":"Associa\u00e7\u00e3o Um Chute para o Futuro"},"content":{"rendered":"<p style=\"text-align: justify;\"><span data-sheets-value=\"{&quot;1&quot;:2,&quot;2&quot;:&quot;Orienta\u00e7\u00e3o e acolhimento a adolescentes gr\u00e1vidas e seus filhos.\\nOferta de cursos de cozinha, corte e costura, e artesanato.&quot;}\" data-sheets-userformat=\"{&quot;2&quot;:13249,&quot;3&quot;:{&quot;1&quot;:2,&quot;2&quot;:&quot;000&quot;,&quot;3&quot;:1},&quot;9&quot;:1,&quot;10&quot;:1,&quot;11&quot;:4,&quot;12&quot;:0,&quot;15&quot;:&quot;Comic Sans MS&quot;,&quot;16&quot;:12}\"><span data-sheets-value=\"{&quot;1&quot;:2,&quot;2&quot;:&quot;Projeto voltado para o atendimento, por meio do esporte, de crian\u00e7as e adolescentes em situa\u00e7\u00e3o de vulnerabilidade socioecon\u00f4mica.&quot;}\" data-sheets-userformat=\"{&quot;2&quot;:13249,&quot;3&quot;:{&quot;1&quot;:2,&quot;2&quot;:&quot;000&quot;,&quot;3&quot;:1},&quot;9&quot;:1,&quot;10&quot;:1,&quot;11&quot;:4,&quot;12&quot;:0,&quot;15&quot;:&quot;Comic Sans MS&quot;,&quot;16&quot;:12}\">Projeto voltado para o atendimento, por meio do esporte, de crian\u00e7as e adolescentes em situa\u00e7\u00e3o de vulnerabilidade socioecon\u00f4mica.<\/span><br \/>\n<\/span><\/p>\n<p style=\"text-align: justify;\"><strong>P\u00fablico-alvo:\u00a0<\/strong><span data-sheets-value=\"{&quot;1&quot;:2,&quot;2&quot;:&quot;Crian\u00e7as e adolescentes entre 6 e 17 anos&quot;}\" data-sheets-userformat=\"{&quot;2&quot;:13249,&quot;3&quot;:{&quot;1&quot;:2,&quot;2&quot;:&quot;000&quot;,&quot;3&quot;:1},&quot;9&quot;:1,&quot;10&quot;:1,&quot;11&quot;:4,&quot;12&quot;:0,&quot;15&quot;:&quot;Comic Sans MS&quot;,&quot;16&quot;:12}\">Crian\u00e7as e adolescentes entre 6 e 17 anos<\/span>.<\/p>\n<p style=\"text-align: left;\"><strong>Endere\u00e7o: <\/strong><span data-sheets-value=\"{&quot;1&quot;:2,&quot;2&quot;:&quot;Rua Blumenau&quot;}\" data-sheets-userformat=\"{&quot;2&quot;:13249,&quot;3&quot;:{&quot;1&quot;:2,&quot;2&quot;:&quot;000&quot;,&quot;3&quot;:1},&quot;9&quot;:1,&quot;10&quot;:1,&quot;11&quot;:4,&quot;12&quot;:0,&quot;15&quot;:&quot;Comic Sans MS&quot;,&quot;16&quot;:12}\"><span data-sheets-value=\"{&quot;1&quot;:2,&quot;2&quot;:&quot;Rua Apolin\u00e1rio de Souza&quot;}\" data-sheets-userformat=\"{&quot;2&quot;:13249,&quot;3&quot;:{&quot;1&quot;:2,&quot;2&quot;:&quot;000&quot;,&quot;3&quot;:1},&quot;9&quot;:1,&quot;10&quot;:1,&quot;11&quot;:4,&quot;12&quot;:0,&quot;15&quot;:&quot;Comic Sans MS&quot;,&quot;16&quot;:12}\"><span data-sheets-value=\"{&quot;1&quot;:2,&quot;2&quot;:&quot;Avenida Jos\u00e9 Maria de Brito&quot;}\" data-sheets-userformat=\"{&quot;2&quot;:13249,&quot;3&quot;:{&quot;1&quot;:2,&quot;2&quot;:&quot;000&quot;,&quot;3&quot;:1},&quot;9&quot;:1,&quot;10&quot;:1,&quot;11&quot;:4,&quot;12&quot;:0,&quot;15&quot;:&quot;Comic Sans MS&quot;,&quot;16&quot;:12}\">Rua Veiga, 350<\/span>, Jardim Irma<\/span><\/span>, Foz do Igua\u00e7u, Paran\u00e1, Brasil. CEP: <span data-sheets-value=\"{&quot;1&quot;:2,&quot;2&quot;:&quot;85867-640&quot;}\" data-sheets-userformat=\"{&quot;2&quot;:13249,&quot;3&quot;:{&quot;1&quot;:2,&quot;2&quot;:&quot;000&quot;,&quot;3&quot;:1},&quot;9&quot;:1,&quot;10&quot;:1,&quot;11&quot;:4,&quot;12&quot;:0,&quot;15&quot;:&quot;Comic Sans MS&quot;,&quot;16&quot;:12}\">85867-640<\/span>.<\/p>\n<p style=\"text-align: left;\"><strong>Contato:<\/strong>\u00a0<span data-sheets-value=\"{&quot;1&quot;:2,&quot;2&quot;:&quot;(45) 35779763&quot;}\" data-sheets-userformat=\"{&quot;2&quot;:13249,&quot;3&quot;:{&quot;1&quot;:2,&quot;2&quot;:&quot;000&quot;,&quot;3&quot;:1},&quot;9&quot;:1,&quot;10&quot;:1,&quot;11&quot;:4,&quot;12&quot;:0,&quot;15&quot;:&quot;Comic Sans MS&quot;,&quot;16&quot;:12}\">(45) 35779763<\/span> |\u00a0<span data-sheets-value=\"{&quot;1&quot;:2,&quot;2&quot;:&quot;gestao@fraternidadealianca.org.br&quot;}\" data-sheets-userformat=\"{&quot;2&quot;:13249,&quot;3&quot;:{&quot;1&quot;:2,&quot;2&quot;:&quot;000&quot;,&quot;3&quot;:1},&quot;9&quot;:1,&quot;10&quot;:1,&quot;11&quot;:4,&quot;12&quot;:0,&quot;15&quot;:&quot;Comic Sans MS&quot;,&quot;16&quot;:12}\"><span data-sheets-value=\"{&quot;1&quot;:2,&quot;2&quot;:&quot;coordenacao@umchuteparaofuturo.org.br&quot;}\" data-sheets-userformat=\"{&quot;2&quot;:13249,&quot;3&quot;:{&quot;1&quot;:2,&quot;2&quot;:&quot;000&quot;,&quot;3&quot;:1},&quot;9&quot;:1,&quot;10&quot;:1,&quot;11&quot;:4,&quot;12&quot;:0,&quot;15&quot;:&quot;Comic Sans MS&quot;,&quot;16&quot;:12}\">coordenacao@umchuteparaofuturo.org.br<\/span> |<a href=\"https:\/\/umchuteparaofuturo.org.br\/\" target=\"_blank\"> https:\/\/umchuteparaofuturo.org.br\/<\/a><br \/>\n<\/span><\/p>\n<p style=\"text-align: left;\"><strong>Demandas:<\/strong> Atividades\u00a0nas \u00e1reas cultural, (teatro, m\u00fasica e dan\u00e7a), de sa\u00fade (cuidados b\u00e1sicos) e educa\u00e7\u00e3o ambiental (plantio).<\/p>\n","protected":false},"excerpt":{"rendered":"<p>Projeto voltado para o atendimento, por meio do esporte, de crian\u00e7as e adolescentes em situa\u00e7\u00e3o de vulnerabilidade socioecon\u00f4mica. P\u00fablico-alvo:\u00a0Crian\u00e7as e adolescentes entre 6 e 17 anos. Endere\u00e7o: Rua Veiga, 350, Jardim Irma, Foz do Igua\u00e7u, Paran\u00e1, Brasil. CEP: 85867-640. Contato:\u00a0(45) 35779763 |\u00a0coordenacao@umchuteparaofuturo.org.br | https:\/\/umchuteparaofuturo.org.br\/ Demandas: Atividades\u00a0nas \u00e1reas cultural, (teatro, m\u00fasica e dan\u00e7a), de sa\u00fade (cuidados [&hellip;]<\/p>\n","protected":false},"author":2,"featured_media":0,"comment_status":"closed","ping_status":"open","sticky":false,"template":"","format":"standard","meta":{"footnotes":""},"categories":[32,41,30],"tags":[36,17,208,26],"class_list":["post-11444","post","type-post","status-publish","format-standard","hentry","category-associacao-privada","category-atores-sociais","category-instituicao-privada","tag-adolescente","tag-crianca","tag-esporte","tag-foz-do-iguacu"],"_links":{"self":[{"href":"https:\/\/divulga.unila.edu.br\/umapas\/index.php?rest_route=\/wp\/v2\/posts\/11444","targetHints":{"allow":["GET"]}}],"collection":[{"href":"https:\/\/divulga.unila.edu.br\/umapas\/index.php?rest_route=\/wp\/v2\/posts"}],"about":[{"href":"https:\/\/divulga.unila.edu.br\/umapas\/index.php?rest_route=\/wp\/v2\/types\/post"}],"author":[{"embeddable":true,"href":"https:\/\/divulga.unila.edu.br\/umapas\/index.php?rest_route=\/wp\/v2\/users\/2"}],"replies":[{"embeddable":true,"href":"https:\/\/divulga.unila.edu.br\/umapas\/index.php?rest_route=%2Fwp%2Fv2%2Fcomments&post=11444"}],"version-history":[{"count":3,"href":"https:\/\/divulga.unila.edu.br\/umapas\/index.php?rest_route=\/wp\/v2\/posts\/11444\/revisions"}],"predecessor-version":[{"id":11469,"href":"https:\/\/divulga.unila.edu.br\/umapas\/index.php?rest_route=\/wp\/v2\/posts\/11444\/revisions\/11469"}],"wp:attachment":[{"href":"https:\/\/divulga.unila.edu.br\/umapas\/index.php?rest_route=%2Fwp%2Fv2%2Fmedia&parent=11444"}],"wp:term":[{"taxonomy":"category","embeddable":true,"href":"https:\/\/divulga.unila.edu.br\/umapas\/index.php?rest_route=%2Fwp%2Fv2%2Fcategories&post=11444"},{"taxonomy":"post_tag","embeddable":true,"href":"https:\/\/divulga.unila.edu.br\/umapas\/index.php?rest_route=%2Fwp%2Fv2%2Ftags&post=11444"}],"curies":[{"name":"wp","href":"https:\/\/api.w.org\/{rel}","templated":true}]}}