{"id":11432,"date":"2022-03-17T09:45:12","date_gmt":"2022-03-17T12:45:12","guid":{"rendered":"https:\/\/unila.edu.br\/umapas\/?p=11432"},"modified":"2022-03-17T10:38:32","modified_gmt":"2022-03-17T13:38:32","slug":"associacao-fraternidade-alianca","status":"publish","type":"post","link":"https:\/\/divulga.unila.edu.br\/umapas\/?p=11432","title":{"rendered":"Associa\u00e7\u00e3o Fraternidade Alian\u00e7a"},"content":{"rendered":"<p style=\"text-align: justify;\"><span data-sheets-value=\"{&quot;1&quot;:2,&quot;2&quot;:&quot;Orienta\u00e7\u00e3o e acolhimento a adolescentes gr\u00e1vidas e seus filhos.\\nOferta de cursos de cozinha, corte e costura, e artesanato.&quot;}\" data-sheets-userformat=\"{&quot;2&quot;:13249,&quot;3&quot;:{&quot;1&quot;:2,&quot;2&quot;:&quot;000&quot;,&quot;3&quot;:1},&quot;9&quot;:1,&quot;10&quot;:1,&quot;11&quot;:4,&quot;12&quot;:0,&quot;15&quot;:&quot;Comic Sans MS&quot;,&quot;16&quot;:12}\"><span data-sheets-value=\"{&quot;1&quot;:2,&quot;2&quot;:&quot;Entidade civil sem fins lucrativos com projetos sociais voltados para a comunidade, sobretudo a fam\u00edlias em situa\u00e7\u00e3o de vulnerabilidade social.&quot;}\" data-sheets-userformat=\"{&quot;2&quot;:13249,&quot;3&quot;:{&quot;1&quot;:2,&quot;2&quot;:&quot;000&quot;,&quot;3&quot;:1},&quot;9&quot;:1,&quot;10&quot;:1,&quot;11&quot;:4,&quot;12&quot;:0,&quot;15&quot;:&quot;Comic Sans MS&quot;,&quot;16&quot;:12}\">Entidade civil sem fins lucrativos com projetos sociais voltados para a comunidade, sobretudo a fam\u00edlias em situa\u00e7\u00e3o de vulnerabilidade social.<\/span><br \/>\n<\/span><\/p>\n<p style=\"text-align: justify;\"><strong>P\u00fablico-alvo: <\/strong>C<span data-sheets-value=\"{&quot;1&quot;:2,&quot;2&quot;:&quot;Crian\u00e7as e adolescentes em situa\u00e7\u00e3o de vulnerabilidade.&quot;}\" data-sheets-userformat=\"{&quot;2&quot;:13249,&quot;3&quot;:{&quot;1&quot;:2,&quot;2&quot;:&quot;000&quot;,&quot;3&quot;:1},&quot;9&quot;:1,&quot;10&quot;:1,&quot;11&quot;:4,&quot;12&quot;:0,&quot;15&quot;:&quot;Comic Sans MS&quot;,&quot;16&quot;:12}\"><span data-sheets-value=\"{&quot;1&quot;:2,&quot;2&quot;:&quot;Crian\u00e7as, adolescentes, jovens, idosos e pessoas com defici\u00eancia.&quot;}\" data-sheets-userformat=\"{&quot;2&quot;:13249,&quot;3&quot;:{&quot;1&quot;:2,&quot;2&quot;:&quot;000&quot;,&quot;3&quot;:1},&quot;9&quot;:1,&quot;10&quot;:1,&quot;11&quot;:4,&quot;12&quot;:0,&quot;15&quot;:&quot;Comic Sans MS&quot;,&quot;16&quot;:12}\"><span data-sheets-value=\"{&quot;1&quot;:2,&quot;2&quot;:&quot;crian\u00e7as e adolescentes e suas fam\u00edlias&quot;}\" data-sheets-userformat=\"{&quot;2&quot;:13249,&quot;3&quot;:{&quot;1&quot;:2,&quot;2&quot;:&quot;000&quot;,&quot;3&quot;:1},&quot;9&quot;:1,&quot;10&quot;:1,&quot;11&quot;:4,&quot;12&quot;:0,&quot;15&quot;:&quot;Comic Sans MS&quot;,&quot;16&quot;:12}\">rian\u00e7as e adolescentes e suas fam\u00edlias<\/span>.<\/span><\/span><\/p>\n<p style=\"text-align: left;\"><strong>Endere\u00e7o: <\/strong><span data-sheets-value=\"{&quot;1&quot;:2,&quot;2&quot;:&quot;Rua Blumenau&quot;}\" data-sheets-userformat=\"{&quot;2&quot;:13249,&quot;3&quot;:{&quot;1&quot;:2,&quot;2&quot;:&quot;000&quot;,&quot;3&quot;:1},&quot;9&quot;:1,&quot;10&quot;:1,&quot;11&quot;:4,&quot;12&quot;:0,&quot;15&quot;:&quot;Comic Sans MS&quot;,&quot;16&quot;:12}\"><span data-sheets-value=\"{&quot;1&quot;:2,&quot;2&quot;:&quot;Rua Apolin\u00e1rio de Souza&quot;}\" data-sheets-userformat=\"{&quot;2&quot;:13249,&quot;3&quot;:{&quot;1&quot;:2,&quot;2&quot;:&quot;000&quot;,&quot;3&quot;:1},&quot;9&quot;:1,&quot;10&quot;:1,&quot;11&quot;:4,&quot;12&quot;:0,&quot;15&quot;:&quot;Comic Sans MS&quot;,&quot;16&quot;:12}\">Rua Apolin\u00e1rio de Souza, 429, Vila Boa Esperan\u00e7a<\/span><\/span>, Foz do Igua\u00e7u, Paran\u00e1, Brasil. CEP: <span data-sheets-value=\"{&quot;1&quot;:2,&quot;2&quot;:&quot;85854-390&quot;}\" data-sheets-userformat=\"{&quot;2&quot;:13249,&quot;3&quot;:{&quot;1&quot;:2,&quot;2&quot;:&quot;000&quot;,&quot;3&quot;:1},&quot;9&quot;:1,&quot;10&quot;:1,&quot;11&quot;:4,&quot;12&quot;:0,&quot;15&quot;:&quot;Comic Sans MS&quot;,&quot;16&quot;:12}\">85854-390<\/span>.<\/p>\n<p style=\"text-align: left;\"><strong>Contato:<\/strong>\u00a0<span data-sheets-value=\"{&quot;1&quot;:2,&quot;2&quot;:&quot;(45) 35272856&quot;}\" data-sheets-userformat=\"{&quot;2&quot;:13249,&quot;3&quot;:{&quot;1&quot;:2,&quot;2&quot;:&quot;000&quot;,&quot;3&quot;:1},&quot;9&quot;:1,&quot;10&quot;:1,&quot;11&quot;:4,&quot;12&quot;:0,&quot;15&quot;:&quot;Comic Sans MS&quot;,&quot;16&quot;:12}\">(45) 35272856<\/span> | <span data-sheets-value=\"{&quot;1&quot;:2,&quot;2&quot;:&quot;gestao@fraternidadealianca.org.br&quot;}\" data-sheets-userformat=\"{&quot;2&quot;:13249,&quot;3&quot;:{&quot;1&quot;:2,&quot;2&quot;:&quot;000&quot;,&quot;3&quot;:1},&quot;9&quot;:1,&quot;10&quot;:1,&quot;11&quot;:4,&quot;12&quot;:0,&quot;15&quot;:&quot;Comic Sans MS&quot;,&quot;16&quot;:12}\">gestao@fraternidadealianca.org.br | <a href=\"https:\/\/fraternidadealianca.org.br\/\" target=\"_blank\">https:\/\/fraternidadealianca.org.br\/<\/a><br \/>\n<\/span><\/p>\n<p style=\"text-align: left;\"><strong>Demandas:<\/strong> Atividades <span data-sheets-value=\"{&quot;1&quot;:2,&quot;2&quot;:&quot;Atividades art\u00edsticas e culturais; Atividades educacionais; Atividades esportivas.&quot;}\" data-sheets-userformat=\"{&quot;2&quot;:13249,&quot;3&quot;:{&quot;1&quot;:0},&quot;9&quot;:1,&quot;10&quot;:1,&quot;11&quot;:4,&quot;12&quot;:0,&quot;15&quot;:&quot;Comic Sans MS&quot;,&quot;16&quot;:12}\">nas \u00e1reas cultural, de meio ambiente e sa\u00fade.<\/span><\/p>\n","protected":false},"excerpt":{"rendered":"<p>Entidade civil sem fins lucrativos com projetos sociais voltados para a comunidade, sobretudo a fam\u00edlias em situa\u00e7\u00e3o de vulnerabilidade social. P\u00fablico-alvo: Crian\u00e7as e adolescentes e suas fam\u00edlias. Endere\u00e7o: Rua Apolin\u00e1rio de Souza, 429, Vila Boa Esperan\u00e7a, Foz do Igua\u00e7u, Paran\u00e1, Brasil. CEP: 85854-390. Contato:\u00a0(45) 35272856 | gestao@fraternidadealianca.org.br | https:\/\/fraternidadealianca.org.br\/ Demandas: Atividades nas \u00e1reas cultural, de [&hellip;]<\/p>\n","protected":false},"author":2,"featured_media":0,"comment_status":"closed","ping_status":"open","sticky":false,"template":"","format":"standard","meta":{"footnotes":""},"categories":[32,41,30],"tags":[36,219,17,26],"class_list":["post-11432","post","type-post","status-publish","format-standard","hentry","category-associacao-privada","category-atores-sociais","category-instituicao-privada","tag-adolescente","tag-afa","tag-crianca","tag-foz-do-iguacu"],"_links":{"self":[{"href":"https:\/\/divulga.unila.edu.br\/umapas\/index.php?rest_route=\/wp\/v2\/posts\/11432","targetHints":{"allow":["GET"]}}],"collection":[{"href":"https:\/\/divulga.unila.edu.br\/umapas\/index.php?rest_route=\/wp\/v2\/posts"}],"about":[{"href":"https:\/\/divulga.unila.edu.br\/umapas\/index.php?rest_route=\/wp\/v2\/types\/post"}],"author":[{"embeddable":true,"href":"https:\/\/divulga.unila.edu.br\/umapas\/index.php?rest_route=\/wp\/v2\/users\/2"}],"replies":[{"embeddable":true,"href":"https:\/\/divulga.unila.edu.br\/umapas\/index.php?rest_route=%2Fwp%2Fv2%2Fcomments&post=11432"}],"version-history":[{"count":3,"href":"https:\/\/divulga.unila.edu.br\/umapas\/index.php?rest_route=\/wp\/v2\/posts\/11432\/revisions"}],"predecessor-version":[{"id":11470,"href":"https:\/\/divulga.unila.edu.br\/umapas\/index.php?rest_route=\/wp\/v2\/posts\/11432\/revisions\/11470"}],"wp:attachment":[{"href":"https:\/\/divulga.unila.edu.br\/umapas\/index.php?rest_route=%2Fwp%2Fv2%2Fmedia&parent=11432"}],"wp:term":[{"taxonomy":"category","embeddable":true,"href":"https:\/\/divulga.unila.edu.br\/umapas\/index.php?rest_route=%2Fwp%2Fv2%2Fcategories&post=11432"},{"taxonomy":"post_tag","embeddable":true,"href":"https:\/\/divulga.unila.edu.br\/umapas\/index.php?rest_route=%2Fwp%2Fv2%2Ftags&post=11432"}],"curies":[{"name":"wp","href":"https:\/\/api.w.org\/{rel}","templated":true}]}}