{"id":11282,"date":"2021-12-20T15:21:29","date_gmt":"2021-12-20T18:21:29","guid":{"rendered":"https:\/\/unila.edu.br\/umapas\/?p=11282"},"modified":"2021-12-20T15:21:29","modified_gmt":"2021-12-20T18:21:29","slug":"reciclaje-en-escuela-publica-de-foz-do-iguacu","status":"publish","type":"post","link":"https:\/\/divulga.unila.edu.br\/umapas\/?p=11282","title":{"rendered":"Reciclaje en Escuela P\u00fablica de Foz do Igua\u00e7u"},"content":{"rendered":"<p style=\"text-align: justify;\"><strong>Coordenadora:<\/strong> Mara R\u00fabia Silva<\/p>\n<p style=\"text-align: justify;\"><strong>Contato:<\/strong> mara.mrsagricola@gmail.com<\/p>\n<p><strong>Local de realiza\u00e7\u00e3o:<\/strong> Escola Municipal Arnaldo Isidoro de Lima &#8211; Rua D, 520, Vila C, Foz do Igua\u00e7u, Paran\u00e1 &#8211; Brasil.<\/p>\n<p><strong>Para mais informa\u00e7\u00f5es, acesse: <\/strong><a href=\"https:\/\/sig.unila.edu.br\/sigaa\/link\/public\/extensao\/visualizacaoAcaoExtensao\/91795121\" target=\"_blank\">https:\/\/sig.unila.edu.br\/sigaa\/link\/public\/extensao\/visualizacaoAcaoExtensao\/91795121<\/a><strong><br \/>\n<\/strong><\/p>\n","protected":false},"excerpt":{"rendered":"<p>Coordenadora: Mara R\u00fabia Silva Contato: mara.mrsagricola@gmail.com Local de realiza\u00e7\u00e3o: Escola Municipal Arnaldo Isidoro de Lima &#8211; Rua D, 520, Vila C, Foz do Igua\u00e7u, Paran\u00e1 &#8211; Brasil. Para mais informa\u00e7\u00f5es, acesse: https:\/\/sig.unila.edu.br\/sigaa\/link\/public\/extensao\/visualizacaoAcaoExtensao\/91795121<\/p>\n","protected":false},"author":2,"featured_media":0,"comment_status":"closed","ping_status":"open","sticky":false,"template":"","format":"standard","meta":{"footnotes":""},"categories":[42,53,43],"tags":[],"class_list":["post-11282","post","type-post","status-publish","format-standard","hentry","category-acao-de-extensao","category-meio-ambiente","category-projeto"],"_links":{"self":[{"href":"https:\/\/divulga.unila.edu.br\/umapas\/index.php?rest_route=\/wp\/v2\/posts\/11282","targetHints":{"allow":["GET"]}}],"collection":[{"href":"https:\/\/divulga.unila.edu.br\/umapas\/index.php?rest_route=\/wp\/v2\/posts"}],"about":[{"href":"https:\/\/divulga.unila.edu.br\/umapas\/index.php?rest_route=\/wp\/v2\/types\/post"}],"author":[{"embeddable":true,"href":"https:\/\/divulga.unila.edu.br\/umapas\/index.php?rest_route=\/wp\/v2\/users\/2"}],"replies":[{"embeddable":true,"href":"https:\/\/divulga.unila.edu.br\/umapas\/index.php?rest_route=%2Fwp%2Fv2%2Fcomments&post=11282"}],"version-history":[{"count":1,"href":"https:\/\/divulga.unila.edu.br\/umapas\/index.php?rest_route=\/wp\/v2\/posts\/11282\/revisions"}],"predecessor-version":[{"id":11285,"href":"https:\/\/divulga.unila.edu.br\/umapas\/index.php?rest_route=\/wp\/v2\/posts\/11282\/revisions\/11285"}],"wp:attachment":[{"href":"https:\/\/divulga.unila.edu.br\/umapas\/index.php?rest_route=%2Fwp%2Fv2%2Fmedia&parent=11282"}],"wp:term":[{"taxonomy":"category","embeddable":true,"href":"https:\/\/divulga.unila.edu.br\/umapas\/index.php?rest_route=%2Fwp%2Fv2%2Fcategories&post=11282"},{"taxonomy":"post_tag","embeddable":true,"href":"https:\/\/divulga.unila.edu.br\/umapas\/index.php?rest_route=%2Fwp%2Fv2%2Ftags&post=11282"}],"curies":[{"name":"wp","href":"https:\/\/api.w.org\/{rel}","templated":true}]}}