{"id":1105,"date":"2017-05-25T18:51:22","date_gmt":"2017-05-25T18:51:22","guid":{"rendered":"http:\/\/10.80.6.168\/wordpress.mapeamento\/?p=1105"},"modified":"2017-09-04T22:35:23","modified_gmt":"2017-09-04T22:35:23","slug":"observatorio-ambiental-articulacao-social-6","status":"publish","type":"post","link":"https:\/\/divulga.unila.edu.br\/umapas\/?p=1105","title":{"rendered":"Observat\u00f3rio Ambiental: Articula\u00e7\u00e3o Social"},"content":{"rendered":"<p style=\"text-align: justify;\"><strong>Coordenadora:<\/strong>\u00a0Luciana Mello Ribeiro<\/p>\n<p style=\"text-align: justify;\"><strong>Contato:\u00a0<\/strong>luciana.ribeiro@unila.edu.br<\/p>\n<p><strong>Local de realiza\u00e7\u00e3o:<\/strong> Conselho de Desenvolvimento Econ\u00f4mico e Social de Foz do Igua\u00e7u &#8211; Avenida das Cataratas, 2330, Jardim Bourbon, Foz do Igua\u00e7u \u2013 PR. CEP: 85853-000 (6 de 8)<\/p>\n<p><strong>Para mais informa\u00e7\u00f5es, acesse:<\/strong> <a href=\"https:\/\/sig.unila.edu.br\/sigaa\/link\/public\/extensao\/visualizacaoAcaoExtensao\/91793653\" target=\"_blank\">https:\/\/sig.unila.edu.br\/sigaa\/link\/public\/extensao\/visualizacaoAcaoExtensao\/91793653<\/a><\/p>\n","protected":false},"excerpt":{"rendered":"<p>Coordenadora:\u00a0Luciana Mello Ribeiro Contato:\u00a0luciana.ribeiro@unila.edu.br Local de realiza\u00e7\u00e3o: Conselho de Desenvolvimento Econ\u00f4mico e Social de Foz do Igua\u00e7u &#8211; Avenida das Cataratas, 2330, Jardim Bourbon, Foz do Igua\u00e7u \u2013 PR. CEP: 85853-000 (6 de 8) Para mais informa\u00e7\u00f5es, acesse: https:\/\/sig.unila.edu.br\/sigaa\/link\/public\/extensao\/visualizacaoAcaoExtensao\/91793653<\/p>\n","protected":false},"author":2,"featured_media":0,"comment_status":"open","ping_status":"open","sticky":false,"template":"","format":"standard","meta":{"footnotes":""},"categories":[42,53,43],"tags":[],"class_list":["post-1105","post","type-post","status-publish","format-standard","hentry","category-acao-de-extensao","category-meio-ambiente","category-projeto"],"_links":{"self":[{"href":"https:\/\/divulga.unila.edu.br\/umapas\/index.php?rest_route=\/wp\/v2\/posts\/1105","targetHints":{"allow":["GET"]}}],"collection":[{"href":"https:\/\/divulga.unila.edu.br\/umapas\/index.php?rest_route=\/wp\/v2\/posts"}],"about":[{"href":"https:\/\/divulga.unila.edu.br\/umapas\/index.php?rest_route=\/wp\/v2\/types\/post"}],"author":[{"embeddable":true,"href":"https:\/\/divulga.unila.edu.br\/umapas\/index.php?rest_route=\/wp\/v2\/users\/2"}],"replies":[{"embeddable":true,"href":"https:\/\/divulga.unila.edu.br\/umapas\/index.php?rest_route=%2Fwp%2Fv2%2Fcomments&post=1105"}],"version-history":[{"count":2,"href":"https:\/\/divulga.unila.edu.br\/umapas\/index.php?rest_route=\/wp\/v2\/posts\/1105\/revisions"}],"predecessor-version":[{"id":1329,"href":"https:\/\/divulga.unila.edu.br\/umapas\/index.php?rest_route=\/wp\/v2\/posts\/1105\/revisions\/1329"}],"wp:attachment":[{"href":"https:\/\/divulga.unila.edu.br\/umapas\/index.php?rest_route=%2Fwp%2Fv2%2Fmedia&parent=1105"}],"wp:term":[{"taxonomy":"category","embeddable":true,"href":"https:\/\/divulga.unila.edu.br\/umapas\/index.php?rest_route=%2Fwp%2Fv2%2Fcategories&post=1105"},{"taxonomy":"post_tag","embeddable":true,"href":"https:\/\/divulga.unila.edu.br\/umapas\/index.php?rest_route=%2Fwp%2Fv2%2Ftags&post=1105"}],"curies":[{"name":"wp","href":"https:\/\/api.w.org\/{rel}","templated":true}]}}