{"id":10946,"date":"2021-12-16T11:15:52","date_gmt":"2021-12-16T14:15:52","guid":{"rendered":"https:\/\/unila.edu.br\/umapas\/?p=10946"},"modified":"2021-12-16T11:15:52","modified_gmt":"2021-12-16T14:15:52","slug":"seminarios-abiertos-sobre-la-palabra-entre-la-literatura-y-la-politica","status":"publish","type":"post","link":"https:\/\/divulga.unila.edu.br\/umapas\/?p=10946","title":{"rendered":"Seminarios abiertos sobre la palabra: entre la literatura y la pol\u00edtica"},"content":{"rendered":"<p style=\"text-align: justify;\"><strong>Coordenadora:<\/strong> Cristiane Checchia <\/p>\n<p style=\"text-align: justify;\"><strong>Contato:<\/strong> cristiane.checchia@unila.edu.br<\/p>\n<p><strong>Local de realiza\u00e7\u00e3o:<\/strong> Centro de Estudios Fotogr\u00e1ficos de C\u00f3rdoba (CEF) &#8211; Rua Chile, 54, Nueva C\u00f3rdoba, C\u00f3rdoba, C\u00f3rdoba &#8211; Argentina.<\/p>\n<p><strong>Para mais informa\u00e7\u00f5es, acesse: <\/strong><a href=\"https:\/\/sig.unila.edu.br\/sigaa\/link\/public\/extensao\/visualizacaoAcaoExtensao\/91794272\" target=\"_blank\">https:\/\/sig.unila.edu.br\/sigaa\/link\/public\/extensao\/visualizacaoAcaoExtensao\/91794272<\/a><strong><br \/>\n<\/strong><\/p>\n","protected":false},"excerpt":{"rendered":"<p>Coordenadora: Cristiane Checchia Contato: cristiane.checchia@unila.edu.br Local de realiza\u00e7\u00e3o: Centro de Estudios Fotogr\u00e1ficos de C\u00f3rdoba (CEF) &#8211; Rua Chile, 54, Nueva C\u00f3rdoba, C\u00f3rdoba, C\u00f3rdoba &#8211; Argentina. Para mais informa\u00e7\u00f5es, acesse: https:\/\/sig.unila.edu.br\/sigaa\/link\/public\/extensao\/visualizacaoAcaoExtensao\/91794272<\/p>\n","protected":false},"author":2,"featured_media":0,"comment_status":"closed","ping_status":"open","sticky":false,"template":"","format":"standard","meta":{"footnotes":""},"categories":[42,52,43],"tags":[],"class_list":["post-10946","post","type-post","status-publish","format-standard","hentry","category-acao-de-extensao","category-educacao-letras-e-linguas","category-projeto"],"_links":{"self":[{"href":"https:\/\/divulga.unila.edu.br\/umapas\/index.php?rest_route=\/wp\/v2\/posts\/10946","targetHints":{"allow":["GET"]}}],"collection":[{"href":"https:\/\/divulga.unila.edu.br\/umapas\/index.php?rest_route=\/wp\/v2\/posts"}],"about":[{"href":"https:\/\/divulga.unila.edu.br\/umapas\/index.php?rest_route=\/wp\/v2\/types\/post"}],"author":[{"embeddable":true,"href":"https:\/\/divulga.unila.edu.br\/umapas\/index.php?rest_route=\/wp\/v2\/users\/2"}],"replies":[{"embeddable":true,"href":"https:\/\/divulga.unila.edu.br\/umapas\/index.php?rest_route=%2Fwp%2Fv2%2Fcomments&post=10946"}],"version-history":[{"count":1,"href":"https:\/\/divulga.unila.edu.br\/umapas\/index.php?rest_route=\/wp\/v2\/posts\/10946\/revisions"}],"predecessor-version":[{"id":10949,"href":"https:\/\/divulga.unila.edu.br\/umapas\/index.php?rest_route=\/wp\/v2\/posts\/10946\/revisions\/10949"}],"wp:attachment":[{"href":"https:\/\/divulga.unila.edu.br\/umapas\/index.php?rest_route=%2Fwp%2Fv2%2Fmedia&parent=10946"}],"wp:term":[{"taxonomy":"category","embeddable":true,"href":"https:\/\/divulga.unila.edu.br\/umapas\/index.php?rest_route=%2Fwp%2Fv2%2Fcategories&post=10946"},{"taxonomy":"post_tag","embeddable":true,"href":"https:\/\/divulga.unila.edu.br\/umapas\/index.php?rest_route=%2Fwp%2Fv2%2Ftags&post=10946"}],"curies":[{"name":"wp","href":"https:\/\/api.w.org\/{rel}","templated":true}]}}