{"id":10904,"date":"2021-12-16T10:59:44","date_gmt":"2021-12-16T13:59:44","guid":{"rendered":"https:\/\/unila.edu.br\/umapas\/?p=10904"},"modified":"2021-12-16T10:59:44","modified_gmt":"2021-12-16T13:59:44","slug":"educomunicacao-e-transculturalidade-guarani-no-oeste-do-parana-6","status":"publish","type":"post","link":"https:\/\/divulga.unila.edu.br\/umapas\/?p=10904","title":{"rendered":"Educomunica\u00e7\u00e3o e transculturalidade Guarani no Oeste do Paran\u00e1"},"content":{"rendered":"<p style=\"text-align: justify;\"><strong>Coordenador:<\/strong> Mario Ram\u00e3o Villalva Filho <\/p>\n<p style=\"text-align: justify;\"><strong>Contato:<\/strong> mario.villalva@unila.edu.br<\/p>\n<p><strong>Local de realiza\u00e7\u00e3o:<\/strong> Col\u00e9gio Estadual Ind\u00edgena Kuaa Mbo\u2019e &#8211; Reserva Ind\u00edgena Tekoh\u00e1 A\u00f1etete, Diamante do Oeste, Paran\u00e1 &#8211; Brasil.<\/p>\n<p><strong>Para mais informa\u00e7\u00f5es, acesse: <\/strong><a href=\"https:\/\/sig.unila.edu.br\/sigaa\/link\/public\/extensao\/visualizacaoAcaoExtensao\/91794187\" target=\"_blank\">https:\/\/sig.unila.edu.br\/sigaa\/link\/public\/extensao\/visualizacaoAcaoExtensao\/91794187<\/a><strong><br \/>\n<\/strong><\/p>\n","protected":false},"excerpt":{"rendered":"<p>Coordenador: Mario Ram\u00e3o Villalva Filho Contato: mario.villalva@unila.edu.br Local de realiza\u00e7\u00e3o: Col\u00e9gio Estadual Ind\u00edgena Kuaa Mbo\u2019e &#8211; Reserva Ind\u00edgena Tekoh\u00e1 A\u00f1etete, Diamante do Oeste, Paran\u00e1 &#8211; Brasil. Para mais informa\u00e7\u00f5es, acesse: https:\/\/sig.unila.edu.br\/sigaa\/link\/public\/extensao\/visualizacaoAcaoExtensao\/91794187<\/p>\n","protected":false},"author":2,"featured_media":0,"comment_status":"closed","ping_status":"open","sticky":false,"template":"","format":"standard","meta":{"footnotes":""},"categories":[42,52,43],"tags":[],"class_list":["post-10904","post","type-post","status-publish","format-standard","hentry","category-acao-de-extensao","category-educacao-letras-e-linguas","category-projeto"],"_links":{"self":[{"href":"https:\/\/divulga.unila.edu.br\/umapas\/index.php?rest_route=\/wp\/v2\/posts\/10904","targetHints":{"allow":["GET"]}}],"collection":[{"href":"https:\/\/divulga.unila.edu.br\/umapas\/index.php?rest_route=\/wp\/v2\/posts"}],"about":[{"href":"https:\/\/divulga.unila.edu.br\/umapas\/index.php?rest_route=\/wp\/v2\/types\/post"}],"author":[{"embeddable":true,"href":"https:\/\/divulga.unila.edu.br\/umapas\/index.php?rest_route=\/wp\/v2\/users\/2"}],"replies":[{"embeddable":true,"href":"https:\/\/divulga.unila.edu.br\/umapas\/index.php?rest_route=%2Fwp%2Fv2%2Fcomments&post=10904"}],"version-history":[{"count":1,"href":"https:\/\/divulga.unila.edu.br\/umapas\/index.php?rest_route=\/wp\/v2\/posts\/10904\/revisions"}],"predecessor-version":[{"id":10907,"href":"https:\/\/divulga.unila.edu.br\/umapas\/index.php?rest_route=\/wp\/v2\/posts\/10904\/revisions\/10907"}],"wp:attachment":[{"href":"https:\/\/divulga.unila.edu.br\/umapas\/index.php?rest_route=%2Fwp%2Fv2%2Fmedia&parent=10904"}],"wp:term":[{"taxonomy":"category","embeddable":true,"href":"https:\/\/divulga.unila.edu.br\/umapas\/index.php?rest_route=%2Fwp%2Fv2%2Fcategories&post=10904"},{"taxonomy":"post_tag","embeddable":true,"href":"https:\/\/divulga.unila.edu.br\/umapas\/index.php?rest_route=%2Fwp%2Fv2%2Ftags&post=10904"}],"curies":[{"name":"wp","href":"https:\/\/api.w.org\/{rel}","templated":true}]}}