{"id":10798,"date":"2021-12-16T10:06:32","date_gmt":"2021-12-16T13:06:32","guid":{"rendered":"https:\/\/unila.edu.br\/umapas\/?p=10798"},"modified":"2021-12-16T10:06:32","modified_gmt":"2021-12-16T13:06:32","slug":"colmena-latinoamericana-acolhida-intercultural-2018-1-3","status":"publish","type":"post","link":"https:\/\/divulga.unila.edu.br\/umapas\/?p=10798","title":{"rendered":"Colmena latinoamericana Acolhida intercultural 2018.1"},"content":{"rendered":"<p style=\"text-align: justify;\"><strong>Coordenador:<\/strong> Wender Silveira Freitas <\/p>\n<p style=\"text-align: justify;\"><strong>Contato:<\/strong> wender.freitas@unila.edu.br<\/p>\n<p><strong>Local de realiza\u00e7\u00e3o:<\/strong> Unidade de Pronto Atendimento Morumbi (UPA Doutor Walter Cavalcante Barbosa) &#8211; Avenida Mario Filho, 445, Parque Residencial Morumbi, Foz do Igua\u00e7u, Paran\u00e1 &#8211; Brasil.<\/p>\n<p><strong>Para mais informa\u00e7\u00f5es, acesse: <\/strong><a href=\"https:\/\/sig.unila.edu.br\/sigaa\/link\/public\/extensao\/visualizacaoAcaoExtensao\/91794260\" target=\"_blank\">https:\/\/sig.unila.edu.br\/sigaa\/link\/public\/extensao\/visualizacaoAcaoExtensao\/91794260<\/a><strong><br \/>\n<\/strong><\/p>\n","protected":false},"excerpt":{"rendered":"<p>Coordenador: Wender Silveira Freitas Contato: wender.freitas@unila.edu.br Local de realiza\u00e7\u00e3o: Unidade de Pronto Atendimento Morumbi (UPA Doutor Walter Cavalcante Barbosa) &#8211; Avenida Mario Filho, 445, Parque Residencial Morumbi, Foz do Igua\u00e7u, Paran\u00e1 &#8211; Brasil. Para mais informa\u00e7\u00f5es, acesse: https:\/\/sig.unila.edu.br\/sigaa\/link\/public\/extensao\/visualizacaoAcaoExtensao\/91794260<\/p>\n","protected":false},"author":2,"featured_media":0,"comment_status":"closed","ping_status":"open","sticky":false,"template":"","format":"standard","meta":{"footnotes":""},"categories":[42,44,56],"tags":[],"class_list":["post-10798","post","type-post","status-publish","format-standard","hentry","category-acao-de-extensao","category-evento","category-inclusao-social"],"_links":{"self":[{"href":"https:\/\/divulga.unila.edu.br\/umapas\/index.php?rest_route=\/wp\/v2\/posts\/10798","targetHints":{"allow":["GET"]}}],"collection":[{"href":"https:\/\/divulga.unila.edu.br\/umapas\/index.php?rest_route=\/wp\/v2\/posts"}],"about":[{"href":"https:\/\/divulga.unila.edu.br\/umapas\/index.php?rest_route=\/wp\/v2\/types\/post"}],"author":[{"embeddable":true,"href":"https:\/\/divulga.unila.edu.br\/umapas\/index.php?rest_route=\/wp\/v2\/users\/2"}],"replies":[{"embeddable":true,"href":"https:\/\/divulga.unila.edu.br\/umapas\/index.php?rest_route=%2Fwp%2Fv2%2Fcomments&post=10798"}],"version-history":[{"count":1,"href":"https:\/\/divulga.unila.edu.br\/umapas\/index.php?rest_route=\/wp\/v2\/posts\/10798\/revisions"}],"predecessor-version":[{"id":10801,"href":"https:\/\/divulga.unila.edu.br\/umapas\/index.php?rest_route=\/wp\/v2\/posts\/10798\/revisions\/10801"}],"wp:attachment":[{"href":"https:\/\/divulga.unila.edu.br\/umapas\/index.php?rest_route=%2Fwp%2Fv2%2Fmedia&parent=10798"}],"wp:term":[{"taxonomy":"category","embeddable":true,"href":"https:\/\/divulga.unila.edu.br\/umapas\/index.php?rest_route=%2Fwp%2Fv2%2Fcategories&post=10798"},{"taxonomy":"post_tag","embeddable":true,"href":"https:\/\/divulga.unila.edu.br\/umapas\/index.php?rest_route=%2Fwp%2Fv2%2Ftags&post=10798"}],"curies":[{"name":"wp","href":"https:\/\/api.w.org\/{rel}","templated":true}]}}