{"id":10772,"date":"2021-12-16T09:53:59","date_gmt":"2021-12-16T12:53:59","guid":{"rendered":"https:\/\/unila.edu.br\/umapas\/?p=10772"},"modified":"2021-12-16T09:53:59","modified_gmt":"2021-12-16T12:53:59","slug":"educacao-ambiental-infano-juvenil-construindo-projetos-para-a-gestao-das-agua","status":"publish","type":"post","link":"https:\/\/divulga.unila.edu.br\/umapas\/?p=10772","title":{"rendered":"Educa\u00e7\u00e3o ambiental infano-juvenil &#8211; Construindo projetos para a gest\u00e3o das \u00e1gua"},"content":{"rendered":"<p style=\"text-align: justify;\"><strong>Coordenadora:<\/strong> Suellen Mayara Peres de Oliveira <\/p>\n<p style=\"text-align: justify;\"><strong>Contato:<\/strong> suellen.oliveira@unila.edu.br<\/p>\n<p><strong>Local de realiza\u00e7\u00e3o:<\/strong> N\u00facleo Regional de Educa\u00e7\u00e3o de Foz do Igua\u00e7u &#8211; Rua Quintino Bocai\u00fava, 429, Centro, Foz do Igua\u00e7u, Paran\u00e1 &#8211; Brasil.<\/p>\n<p><strong>Para mais informa\u00e7\u00f5es, acesse: <\/strong><a href=\"https:\/\/sig.unila.edu.br\/sigaa\/link\/public\/extensao\/visualizacaoAcaoExtensao\/91794296\" target=\"_blank\">https:\/\/sig.unila.edu.br\/sigaa\/link\/public\/extensao\/visualizacaoAcaoExtensao\/91794296<\/a><strong><br \/>\n<\/strong><\/p>\n","protected":false},"excerpt":{"rendered":"<p>Coordenadora: Suellen Mayara Peres de Oliveira Contato: suellen.oliveira@unila.edu.br Local de realiza\u00e7\u00e3o: N\u00facleo Regional de Educa\u00e7\u00e3o de Foz do Igua\u00e7u &#8211; Rua Quintino Bocai\u00fava, 429, Centro, Foz do Igua\u00e7u, Paran\u00e1 &#8211; Brasil. Para mais informa\u00e7\u00f5es, acesse: https:\/\/sig.unila.edu.br\/sigaa\/link\/public\/extensao\/visualizacaoAcaoExtensao\/91794296<\/p>\n","protected":false},"author":2,"featured_media":0,"comment_status":"closed","ping_status":"open","sticky":false,"template":"","format":"standard","meta":{"footnotes":""},"categories":[42,45,53],"tags":[],"class_list":["post-10772","post","type-post","status-publish","format-standard","hentry","category-acao-de-extensao","category-curso","category-meio-ambiente"],"_links":{"self":[{"href":"https:\/\/divulga.unila.edu.br\/umapas\/index.php?rest_route=\/wp\/v2\/posts\/10772","targetHints":{"allow":["GET"]}}],"collection":[{"href":"https:\/\/divulga.unila.edu.br\/umapas\/index.php?rest_route=\/wp\/v2\/posts"}],"about":[{"href":"https:\/\/divulga.unila.edu.br\/umapas\/index.php?rest_route=\/wp\/v2\/types\/post"}],"author":[{"embeddable":true,"href":"https:\/\/divulga.unila.edu.br\/umapas\/index.php?rest_route=\/wp\/v2\/users\/2"}],"replies":[{"embeddable":true,"href":"https:\/\/divulga.unila.edu.br\/umapas\/index.php?rest_route=%2Fwp%2Fv2%2Fcomments&post=10772"}],"version-history":[{"count":1,"href":"https:\/\/divulga.unila.edu.br\/umapas\/index.php?rest_route=\/wp\/v2\/posts\/10772\/revisions"}],"predecessor-version":[{"id":10775,"href":"https:\/\/divulga.unila.edu.br\/umapas\/index.php?rest_route=\/wp\/v2\/posts\/10772\/revisions\/10775"}],"wp:attachment":[{"href":"https:\/\/divulga.unila.edu.br\/umapas\/index.php?rest_route=%2Fwp%2Fv2%2Fmedia&parent=10772"}],"wp:term":[{"taxonomy":"category","embeddable":true,"href":"https:\/\/divulga.unila.edu.br\/umapas\/index.php?rest_route=%2Fwp%2Fv2%2Fcategories&post=10772"},{"taxonomy":"post_tag","embeddable":true,"href":"https:\/\/divulga.unila.edu.br\/umapas\/index.php?rest_route=%2Fwp%2Fv2%2Ftags&post=10772"}],"curies":[{"name":"wp","href":"https:\/\/api.w.org\/{rel}","templated":true}]}}