{"id":10747,"date":"2021-12-16T09:44:47","date_gmt":"2021-12-16T12:44:47","guid":{"rendered":"https:\/\/unila.edu.br\/umapas\/?p=10747"},"modified":"2021-12-16T09:44:47","modified_gmt":"2021-12-16T12:44:47","slug":"comunicacao-participativa-em-radio-rural-comunitaria","status":"publish","type":"post","link":"https:\/\/divulga.unila.edu.br\/umapas\/?p=10747","title":{"rendered":"Comunica\u00e7\u00e3o participativa em radio rural comunit\u00e1ria"},"content":{"rendered":"<p style=\"text-align: justify;\"><strong>Coordenador:<\/strong> Antonio de La Pena Garcia <\/p>\n<p style=\"text-align: justify;\"><strong>Contato:<\/strong> antoniodelapena11@gmail.com<\/p>\n<p><strong>Local de realiza\u00e7\u00e3o:<\/strong> Cooperativa Mista de Produ\u00e7\u00e3o, Industrializa\u00e7\u00e3o e Comercializa\u00e7\u00e3o de Biocombust\u00edveis do Brasil (COOPERBIO) &#8211; Linha Lajeado Tesoura, Serebi, Rio Grande do Sul &#8211; Brasil.<\/p>\n<p><strong>Para mais informa\u00e7\u00f5es, acesse: <\/strong><a href=\"https:\/\/sig.unila.edu.br\/sigaa\/link\/public\/extensao\/visualizacaoAcaoExtensao\/91794292\" target=\"_blank\">https:\/\/sig.unila.edu.br\/sigaa\/link\/public\/extensao\/visualizacaoAcaoExtensao\/91794292<\/a><strong><br \/>\n<\/strong><\/p>\n","protected":false},"excerpt":{"rendered":"<p>Coordenador: Antonio de La Pena Garcia Contato: antoniodelapena11@gmail.com Local de realiza\u00e7\u00e3o: Cooperativa Mista de Produ\u00e7\u00e3o, Industrializa\u00e7\u00e3o e Comercializa\u00e7\u00e3o de Biocombust\u00edveis do Brasil (COOPERBIO) &#8211; Linha Lajeado Tesoura, Serebi, Rio Grande do Sul &#8211; Brasil. Para mais informa\u00e7\u00f5es, acesse: https:\/\/sig.unila.edu.br\/sigaa\/link\/public\/extensao\/visualizacaoAcaoExtensao\/91794292<\/p>\n","protected":false},"author":2,"featured_media":0,"comment_status":"closed","ping_status":"open","sticky":false,"template":"","format":"standard","meta":{"footnotes":""},"categories":[42,49,45],"tags":[],"class_list":["post-10747","post","type-post","status-publish","format-standard","hentry","category-acao-de-extensao","category-comunicacao","category-curso"],"_links":{"self":[{"href":"https:\/\/divulga.unila.edu.br\/umapas\/index.php?rest_route=\/wp\/v2\/posts\/10747","targetHints":{"allow":["GET"]}}],"collection":[{"href":"https:\/\/divulga.unila.edu.br\/umapas\/index.php?rest_route=\/wp\/v2\/posts"}],"about":[{"href":"https:\/\/divulga.unila.edu.br\/umapas\/index.php?rest_route=\/wp\/v2\/types\/post"}],"author":[{"embeddable":true,"href":"https:\/\/divulga.unila.edu.br\/umapas\/index.php?rest_route=\/wp\/v2\/users\/2"}],"replies":[{"embeddable":true,"href":"https:\/\/divulga.unila.edu.br\/umapas\/index.php?rest_route=%2Fwp%2Fv2%2Fcomments&post=10747"}],"version-history":[{"count":1,"href":"https:\/\/divulga.unila.edu.br\/umapas\/index.php?rest_route=\/wp\/v2\/posts\/10747\/revisions"}],"predecessor-version":[{"id":10748,"href":"https:\/\/divulga.unila.edu.br\/umapas\/index.php?rest_route=\/wp\/v2\/posts\/10747\/revisions\/10748"}],"wp:attachment":[{"href":"https:\/\/divulga.unila.edu.br\/umapas\/index.php?rest_route=%2Fwp%2Fv2%2Fmedia&parent=10747"}],"wp:term":[{"taxonomy":"category","embeddable":true,"href":"https:\/\/divulga.unila.edu.br\/umapas\/index.php?rest_route=%2Fwp%2Fv2%2Fcategories&post=10747"},{"taxonomy":"post_tag","embeddable":true,"href":"https:\/\/divulga.unila.edu.br\/umapas\/index.php?rest_route=%2Fwp%2Fv2%2Ftags&post=10747"}],"curies":[{"name":"wp","href":"https:\/\/api.w.org\/{rel}","templated":true}]}}