{"id":10680,"date":"2021-10-20T14:12:16","date_gmt":"2021-10-20T17:12:16","guid":{"rendered":"https:\/\/unila.edu.br\/umapas\/?p=10680"},"modified":"2021-12-14T16:13:53","modified_gmt":"2021-12-14T19:13:53","slug":"aulas-de-relacoes-internacionais-para-ensino-medio-e-interessados-em-geral-da-comunidade-externa-2","status":"publish","type":"post","link":"https:\/\/divulga.unila.edu.br\/umapas\/?p=10680","title":{"rendered":"Aulas de Rela\u00e7\u00f5es Internacionais para ensino m\u00e9dio e interessados em geral da comunidade externa"},"content":{"rendered":"<p style=\"text-align: justify;\"><strong>Coordenador:<\/strong> Claudio Costa Lima Monteiro<\/p>\n<p style=\"text-align: justify;\"><strong>Contato:<\/strong> claudio.monteiro@unila.edu.br<\/p>\n<p><strong>Local de realiza\u00e7\u00e3o:<\/strong> Col\u00e9gio Estadual Bar\u00e3o do Rio Branco &#8211; Rua Silvino Dalb\u00f3, 85, Jardim Polo Centro, Foz do Igua\u00e7u, Paran\u00e1 &#8211; Brasil.<\/p>\n<p><strong>Para mais informa\u00e7\u00f5es, acesse: <\/strong><a href=\"https:\/\/sig.unila.edu.br\/sigaa\/link\/public\/extensao\/visualizacaoAcaoExtensao\/91794278\" target=\"_blank\">https:\/\/sig.unila.edu.br\/sigaa\/link\/public\/extensao\/visualizacaoAcaoExtensao\/91794278<\/a><strong><br \/>\n<\/strong><\/p>\n","protected":false},"excerpt":{"rendered":"<p>Coordenador: Claudio Costa Lima Monteiro Contato: claudio.monteiro@unila.edu.br Local de realiza\u00e7\u00e3o: Col\u00e9gio Estadual Bar\u00e3o do Rio Branco &#8211; Rua Silvino Dalb\u00f3, 85, Jardim Polo Centro, Foz do Igua\u00e7u, Paran\u00e1 &#8211; Brasil. Para mais informa\u00e7\u00f5es, acesse: https:\/\/sig.unila.edu.br\/sigaa\/link\/public\/extensao\/visualizacaoAcaoExtensao\/91794278<\/p>\n","protected":false},"author":24,"featured_media":0,"comment_status":"closed","ping_status":"open","sticky":false,"template":"","format":"standard","meta":{"footnotes":""},"categories":[42,45,57],"tags":[],"class_list":["post-10680","post","type-post","status-publish","format-standard","hentry","category-acao-de-extensao","category-curso","category-economia-politica-e-desenvolvimento"],"_links":{"self":[{"href":"https:\/\/divulga.unila.edu.br\/umapas\/index.php?rest_route=\/wp\/v2\/posts\/10680","targetHints":{"allow":["GET"]}}],"collection":[{"href":"https:\/\/divulga.unila.edu.br\/umapas\/index.php?rest_route=\/wp\/v2\/posts"}],"about":[{"href":"https:\/\/divulga.unila.edu.br\/umapas\/index.php?rest_route=\/wp\/v2\/types\/post"}],"author":[{"embeddable":true,"href":"https:\/\/divulga.unila.edu.br\/umapas\/index.php?rest_route=\/wp\/v2\/users\/24"}],"replies":[{"embeddable":true,"href":"https:\/\/divulga.unila.edu.br\/umapas\/index.php?rest_route=%2Fwp%2Fv2%2Fcomments&post=10680"}],"version-history":[{"count":2,"href":"https:\/\/divulga.unila.edu.br\/umapas\/index.php?rest_route=\/wp\/v2\/posts\/10680\/revisions"}],"predecessor-version":[{"id":10730,"href":"https:\/\/divulga.unila.edu.br\/umapas\/index.php?rest_route=\/wp\/v2\/posts\/10680\/revisions\/10730"}],"wp:attachment":[{"href":"https:\/\/divulga.unila.edu.br\/umapas\/index.php?rest_route=%2Fwp%2Fv2%2Fmedia&parent=10680"}],"wp:term":[{"taxonomy":"category","embeddable":true,"href":"https:\/\/divulga.unila.edu.br\/umapas\/index.php?rest_route=%2Fwp%2Fv2%2Fcategories&post=10680"},{"taxonomy":"post_tag","embeddable":true,"href":"https:\/\/divulga.unila.edu.br\/umapas\/index.php?rest_route=%2Fwp%2Fv2%2Ftags&post=10680"}],"curies":[{"name":"wp","href":"https:\/\/api.w.org\/{rel}","templated":true}]}}