{"id":1064,"date":"2017-05-22T20:07:15","date_gmt":"2017-05-22T20:07:15","guid":{"rendered":"http:\/\/10.80.6.168\/wordpress.mapeamento\/?p=1064"},"modified":"2019-10-02T14:32:38","modified_gmt":"2019-10-02T14:32:38","slug":"programa-viravida","status":"publish","type":"post","link":"https:\/\/divulga.unila.edu.br\/umapas\/?p=1064","title":{"rendered":"Programa ViraVida"},"content":{"rendered":"<p style=\"text-align: justify;\"><span data-sheets-value=\"{&quot;1&quot;:2,&quot;2&quot;:&quot;O Programa ViraVida tem a miss\u00e3o de Fortalecer os direitos de adolescentes e jovens em situa\u00e7\u00e3o de viol\u00eancia sexual e vulnerabilidade social por meio da qualifica\u00e7\u00e3o profissional e inser\u00e7\u00e3o no mercado de trabalho, articuladas com as pol\u00edticas de promo\u00e7\u00e3o e prote\u00e7\u00e3o social. Proporcionar a forma\u00e7\u00e3o integral, possibilitando \u00e0 constru\u00e7\u00e3o de conhecimento, \u00e0 forma\u00e7\u00e3o t\u00e9cnico-profissional e o desenvolvimento de valores, atitudes e qualidades pessoais para uma conviv\u00eancia harm\u00f4nica, respeitosa, respons\u00e1vel, aut\u00f4noma e socializadora.&quot;}\" data-sheets-userformat=\"{&quot;2&quot;:12737,&quot;3&quot;:{&quot;1&quot;:0,&quot;3&quot;:1},&quot;9&quot;:0,&quot;10&quot;:1,&quot;11&quot;:4,&quot;15&quot;:&quot;Comic Sans MS&quot;,&quot;16&quot;:12}\">O Programa ViraVida tem a miss\u00e3o de Fortalecer os direitos de adolescentes e jovens em situa\u00e7\u00e3o de viol\u00eancia sexual e vulnerabilidade social por meio da qualifica\u00e7\u00e3o profissional e inser\u00e7\u00e3o no mercado de trabalho, articuladas com as pol\u00edticas de promo\u00e7\u00e3o e prote\u00e7\u00e3o social. Proporcionar a forma\u00e7\u00e3o integral, possibilitando \u00e0 constru\u00e7\u00e3o de conhecimento, \u00e0 forma\u00e7\u00e3o t\u00e9cnico-profissional e o desenvolvimento de valores, atitudes e qualidades pessoais para uma conviv\u00eancia harm\u00f4nica, respeitosa, respons\u00e1vel, aut\u00f4noma e socializadora.<\/span><\/p>\n<p style=\"text-align: justify;\"><strong>P\u00fablico-alvo: <\/strong><span data-sheets-value=\"{&quot;1&quot;:2,&quot;2&quot;:&quot;Jovens e adolescentes&quot;}\" data-sheets-userformat=\"{&quot;2&quot;:12737,&quot;3&quot;:{&quot;1&quot;:0,&quot;3&quot;:1},&quot;9&quot;:1,&quot;10&quot;:1,&quot;11&quot;:4,&quot;15&quot;:&quot;Comic Sans MS&quot;,&quot;16&quot;:12}\">Jovens e adolescentes<\/span><\/p>\n<p style=\"text-align: left;\"><strong>Endere\u00e7o: <\/strong><span data-sheets-value=\"{&quot;1&quot;:2,&quot;2&quot;:&quot;Avenida Tancredo Neves, 6731, bloco 8, Espa\u00e7o \u00d1andeva, Parque Tecnol\u00f3gico de Itaipu&quot;}\" data-sheets-userformat=\"{&quot;2&quot;:13249,&quot;3&quot;:{&quot;1&quot;:0},&quot;9&quot;:1,&quot;10&quot;:1,&quot;11&quot;:4,&quot;12&quot;:0,&quot;15&quot;:&quot;Comic Sans MS&quot;,&quot;16&quot;:12}\">Avenida Tancredo Neves, 6731, bloco 8, Espa\u00e7o \u00d1andeva, Parque Tecnol\u00f3gico de Itaipu<\/span>, Jardim Itaipu, Foz do Igua\u00e7u, Paran\u00e1, Brasil. CEP: <span data-sheets-value=\"{&quot;1&quot;:2,&quot;2&quot;:&quot;85867-900&quot;}\" data-sheets-userformat=\"{&quot;2&quot;:12737,&quot;3&quot;:{&quot;1&quot;:0,&quot;3&quot;:1},&quot;9&quot;:1,&quot;10&quot;:1,&quot;11&quot;:4,&quot;15&quot;:&quot;Comic Sans MS&quot;,&quot;16&quot;:12}\">85867-900<\/span>.<\/p>\n<p style=\"text-align: left;\"><strong>Contato:<\/strong> (45)<span data-sheets-value=\"{&quot;1&quot;:2,&quot;2&quot;:&quot;(45) 35767018&quot;}\" data-sheets-userformat=\"{&quot;2&quot;:13249,&quot;3&quot;:{&quot;1&quot;:0},&quot;9&quot;:1,&quot;10&quot;:1,&quot;11&quot;:4,&quot;12&quot;:0,&quot;15&quot;:&quot;Comic Sans MS&quot;,&quot;16&quot;:12}\"> 35767018<\/span> |\u00a0<span data-sheets-value=\"{&quot;1&quot;:2,&quot;2&quot;:&quot;viravida.foz@sesipr.org.br&quot;}\" data-sheets-userformat=\"{&quot;2&quot;:12737,&quot;3&quot;:{&quot;1&quot;:0,&quot;3&quot;:1},&quot;9&quot;:1,&quot;10&quot;:1,&quot;11&quot;:4,&quot;15&quot;:&quot;Comic Sans MS&quot;,&quot;16&quot;:12}\">viravida.foz@sesipr.org.br<\/span> | <a href=\"https:\/\/www.facebook.com\/viravidaparana\/\" target=\"_blank\">https:\/\/www.facebook.com\/viravidaparana\/<\/a><\/p>\n<p style=\"text-align: left;\"><strong>Demandas:<\/strong> <span data-sheets-value=\"{&quot;1&quot;:2,&quot;2&quot;:&quot;Atividades de apoio institucional; Atividades art\u00edsticas e culturais; Atividades educacionais; Atividades esportivas.&quot;}\" data-sheets-userformat=\"{&quot;2&quot;:13249,&quot;3&quot;:{&quot;1&quot;:0},&quot;9&quot;:1,&quot;10&quot;:1,&quot;11&quot;:4,&quot;12&quot;:0,&quot;15&quot;:&quot;Comic Sans MS&quot;,&quot;16&quot;:12}\">Atividades de apoio institucional, art\u00edsticas, culturais, educacionais, esportivas e de capacita\u00e7\u00e3o t\u00e9cnica.<\/span><\/p>\n<p style=\"text-align: justify;\">\n","protected":false},"excerpt":{"rendered":"<p>O Programa ViraVida tem a miss\u00e3o de Fortalecer os direitos de adolescentes e jovens em situa\u00e7\u00e3o de viol\u00eancia sexual e vulnerabilidade social por meio da qualifica\u00e7\u00e3o profissional e inser\u00e7\u00e3o no mercado de trabalho, articuladas com as pol\u00edticas de promo\u00e7\u00e3o e prote\u00e7\u00e3o social. Proporcionar a forma\u00e7\u00e3o integral, possibilitando \u00e0 constru\u00e7\u00e3o de conhecimento, \u00e0 forma\u00e7\u00e3o t\u00e9cnico-profissional e [&hellip;]<\/p>\n","protected":false},"author":2,"featured_media":0,"comment_status":"closed","ping_status":"closed","sticky":false,"template":"","format":"standard","meta":{"footnotes":""},"categories":[41,30,70],"tags":[36,69,26,20,124],"class_list":["post-1064","post","type-post","status-publish","format-standard","hentry","category-atores-sociais","category-instituicao-privada","category-programa-instituicao-privada","tag-adolescente","tag-educacao","tag-foz-do-iguacu","tag-jovem","tag-programa-viravida"],"_links":{"self":[{"href":"https:\/\/divulga.unila.edu.br\/umapas\/index.php?rest_route=\/wp\/v2\/posts\/1064","targetHints":{"allow":["GET"]}}],"collection":[{"href":"https:\/\/divulga.unila.edu.br\/umapas\/index.php?rest_route=\/wp\/v2\/posts"}],"about":[{"href":"https:\/\/divulga.unila.edu.br\/umapas\/index.php?rest_route=\/wp\/v2\/types\/post"}],"author":[{"embeddable":true,"href":"https:\/\/divulga.unila.edu.br\/umapas\/index.php?rest_route=\/wp\/v2\/users\/2"}],"replies":[{"embeddable":true,"href":"https:\/\/divulga.unila.edu.br\/umapas\/index.php?rest_route=%2Fwp%2Fv2%2Fcomments&post=1064"}],"version-history":[{"count":9,"href":"https:\/\/divulga.unila.edu.br\/umapas\/index.php?rest_route=\/wp\/v2\/posts\/1064\/revisions"}],"predecessor-version":[{"id":3047,"href":"https:\/\/divulga.unila.edu.br\/umapas\/index.php?rest_route=\/wp\/v2\/posts\/1064\/revisions\/3047"}],"wp:attachment":[{"href":"https:\/\/divulga.unila.edu.br\/umapas\/index.php?rest_route=%2Fwp%2Fv2%2Fmedia&parent=1064"}],"wp:term":[{"taxonomy":"category","embeddable":true,"href":"https:\/\/divulga.unila.edu.br\/umapas\/index.php?rest_route=%2Fwp%2Fv2%2Fcategories&post=1064"},{"taxonomy":"post_tag","embeddable":true,"href":"https:\/\/divulga.unila.edu.br\/umapas\/index.php?rest_route=%2Fwp%2Fv2%2Ftags&post=1064"}],"curies":[{"name":"wp","href":"https:\/\/api.w.org\/{rel}","templated":true}]}}