{"id":10362,"date":"2021-10-06T10:59:25","date_gmt":"2021-10-06T13:59:25","guid":{"rendered":"https:\/\/unila.edu.br\/umapas\/?p=10362"},"modified":"2021-10-06T10:59:25","modified_gmt":"2021-10-06T13:59:25","slug":"ciclo-sonoro-19","status":"publish","type":"post","link":"https:\/\/divulga.unila.edu.br\/umapas\/?p=10362","title":{"rendered":"Ciclo Sonoro"},"content":{"rendered":"<p style=\"text-align: justify;\"><strong>Coordenador:<\/strong> Felipe Jose Oliveira Abreu<\/p>\n<p style=\"text-align: justify;\"><strong>Contato:<\/strong> felipe.abreu@unila.edu.br<\/p>\n<p><strong>Local de realiza\u00e7\u00e3o:<\/strong> Centro de Refer\u00eancia Musicol\u00f3gica Jos\u00e9 Maria Neves (CEREM) &#8211; Universidade Federal de S\u00e3o Jo\u00e3o del-Rei (UFSJ) &#8211; Rua Marechal Bittencourt, 24, Centro, S\u00e3o Jo\u00e3o del-Rei, Minas Gerais &#8211; Brasil.<\/p>\n<p><strong>Para mais informa\u00e7\u00f5es, acesse: <\/strong><a href=\"https:\/\/sig.unila.edu.br\/sigaa\/link\/public\/extensao\/visualizacaoAcaoExtensao\/91795116\" target=\"_blank\">https:\/\/sig.unila.edu.br\/sigaa\/link\/public\/extensao\/visualizacaoAcaoExtensao\/91795116<\/a><strong><br \/>\n<\/strong><\/p>\n","protected":false},"excerpt":{"rendered":"<p>Coordenador: Felipe Jose Oliveira Abreu Contato: felipe.abreu@unila.edu.br Local de realiza\u00e7\u00e3o: Centro de Refer\u00eancia Musicol\u00f3gica Jos\u00e9 Maria Neves (CEREM) &#8211; Universidade Federal de S\u00e3o Jo\u00e3o del-Rei (UFSJ) &#8211; Rua Marechal Bittencourt, 24, Centro, S\u00e3o Jo\u00e3o del-Rei, Minas Gerais &#8211; Brasil. Para mais informa\u00e7\u00f5es, acesse: https:\/\/sig.unila.edu.br\/sigaa\/link\/public\/extensao\/visualizacaoAcaoExtensao\/91795116<\/p>\n","protected":false},"author":24,"featured_media":0,"comment_status":"closed","ping_status":"open","sticky":false,"template":"","format":"standard","meta":{"footnotes":""},"categories":[42,50,43],"tags":[],"class_list":["post-10362","post","type-post","status-publish","format-standard","hentry","category-acao-de-extensao","category-cultura-e-artes","category-projeto"],"_links":{"self":[{"href":"https:\/\/divulga.unila.edu.br\/umapas\/index.php?rest_route=\/wp\/v2\/posts\/10362","targetHints":{"allow":["GET"]}}],"collection":[{"href":"https:\/\/divulga.unila.edu.br\/umapas\/index.php?rest_route=\/wp\/v2\/posts"}],"about":[{"href":"https:\/\/divulga.unila.edu.br\/umapas\/index.php?rest_route=\/wp\/v2\/types\/post"}],"author":[{"embeddable":true,"href":"https:\/\/divulga.unila.edu.br\/umapas\/index.php?rest_route=\/wp\/v2\/users\/24"}],"replies":[{"embeddable":true,"href":"https:\/\/divulga.unila.edu.br\/umapas\/index.php?rest_route=%2Fwp%2Fv2%2Fcomments&post=10362"}],"version-history":[{"count":1,"href":"https:\/\/divulga.unila.edu.br\/umapas\/index.php?rest_route=\/wp\/v2\/posts\/10362\/revisions"}],"predecessor-version":[{"id":10364,"href":"https:\/\/divulga.unila.edu.br\/umapas\/index.php?rest_route=\/wp\/v2\/posts\/10362\/revisions\/10364"}],"wp:attachment":[{"href":"https:\/\/divulga.unila.edu.br\/umapas\/index.php?rest_route=%2Fwp%2Fv2%2Fmedia&parent=10362"}],"wp:term":[{"taxonomy":"category","embeddable":true,"href":"https:\/\/divulga.unila.edu.br\/umapas\/index.php?rest_route=%2Fwp%2Fv2%2Fcategories&post=10362"},{"taxonomy":"post_tag","embeddable":true,"href":"https:\/\/divulga.unila.edu.br\/umapas\/index.php?rest_route=%2Fwp%2Fv2%2Ftags&post=10362"}],"curies":[{"name":"wp","href":"https:\/\/api.w.org\/{rel}","templated":true}]}}