{"id":1027,"date":"2017-02-14T19:59:15","date_gmt":"2017-02-14T19:59:15","guid":{"rendered":"http:\/\/10.80.6.168\/wordpress.mapeamento\/?p=1027"},"modified":"2017-09-06T18:41:19","modified_gmt":"2017-09-06T18:41:19","slug":"outubro-rosa-se-sinta-se-toque-se-ame-2","status":"publish","type":"post","link":"https:\/\/divulga.unila.edu.br\/umapas\/?p=1027","title":{"rendered":"Outubro Rosa, se sinta se toque se ame"},"content":{"rendered":"<p style=\"text-align: justify;\"><strong>Coordenadora:<\/strong> Wilma Nancy Campos Arze<\/p>\n<p style=\"text-align: justify;\"><strong>Contato:<\/strong> wilmamestrado@hotmail.com<\/p>\n<p><strong>Local de realiza\u00e7\u00e3o:<\/strong> SESC &#8211; Avenida Tancredo Neves, 222, Vila A, Foz do Igua\u00e7u \u2013 PR. CEP: 85867-633 (2 de 2)<\/p>\n<p><strong>Para mais informa\u00e7\u00f5es, acesse:<\/strong> <a href=\"https:\/\/sig.unila.edu.br\/sigaa\/link\/public\/extensao\/visualizacaoAcaoExtensao\/91793912\" target=\"_blank\">https:\/\/sig.unila.edu.br\/sigaa\/link\/public\/extensao\/visualizacaoAcaoExtensao\/91793912<\/a><\/p>\n","protected":false},"excerpt":{"rendered":"<p>Coordenadora: Wilma Nancy Campos Arze Contato: wilmamestrado@hotmail.com Local de realiza\u00e7\u00e3o: SESC &#8211; Avenida Tancredo Neves, 222, Vila A, Foz do Igua\u00e7u \u2013 PR. CEP: 85867-633 (2 de 2) Para mais informa\u00e7\u00f5es, acesse: https:\/\/sig.unila.edu.br\/sigaa\/link\/public\/extensao\/visualizacaoAcaoExtensao\/91793912<\/p>\n","protected":false},"author":2,"featured_media":0,"comment_status":"open","ping_status":"open","sticky":false,"template":"","format":"standard","meta":{"footnotes":""},"categories":[42,44,54],"tags":[],"class_list":["post-1027","post","type-post","status-publish","format-standard","hentry","category-acao-de-extensao","category-evento","category-saude"],"_links":{"self":[{"href":"https:\/\/divulga.unila.edu.br\/umapas\/index.php?rest_route=\/wp\/v2\/posts\/1027","targetHints":{"allow":["GET"]}}],"collection":[{"href":"https:\/\/divulga.unila.edu.br\/umapas\/index.php?rest_route=\/wp\/v2\/posts"}],"about":[{"href":"https:\/\/divulga.unila.edu.br\/umapas\/index.php?rest_route=\/wp\/v2\/types\/post"}],"author":[{"embeddable":true,"href":"https:\/\/divulga.unila.edu.br\/umapas\/index.php?rest_route=\/wp\/v2\/users\/2"}],"replies":[{"embeddable":true,"href":"https:\/\/divulga.unila.edu.br\/umapas\/index.php?rest_route=%2Fwp%2Fv2%2Fcomments&post=1027"}],"version-history":[{"count":2,"href":"https:\/\/divulga.unila.edu.br\/umapas\/index.php?rest_route=\/wp\/v2\/posts\/1027\/revisions"}],"predecessor-version":[{"id":1029,"href":"https:\/\/divulga.unila.edu.br\/umapas\/index.php?rest_route=\/wp\/v2\/posts\/1027\/revisions\/1029"}],"wp:attachment":[{"href":"https:\/\/divulga.unila.edu.br\/umapas\/index.php?rest_route=%2Fwp%2Fv2%2Fmedia&parent=1027"}],"wp:term":[{"taxonomy":"category","embeddable":true,"href":"https:\/\/divulga.unila.edu.br\/umapas\/index.php?rest_route=%2Fwp%2Fv2%2Fcategories&post=1027"},{"taxonomy":"post_tag","embeddable":true,"href":"https:\/\/divulga.unila.edu.br\/umapas\/index.php?rest_route=%2Fwp%2Fv2%2Ftags&post=1027"}],"curies":[{"name":"wp","href":"https:\/\/api.w.org\/{rel}","templated":true}]}}