{"id":10234,"date":"2021-10-06T10:27:17","date_gmt":"2021-10-06T13:27:17","guid":{"rendered":"https:\/\/unila.edu.br\/umapas\/?p=10234"},"modified":"2021-10-06T10:27:17","modified_gmt":"2021-10-06T13:27:17","slug":"revista-painel-1973-2017-historia-e-memoria-de-foz-do-iguacu-e-regiao-digitalizacao-catalogacao-e-difusao-de-fontes-historicas-2","status":"publish","type":"post","link":"https:\/\/divulga.unila.edu.br\/umapas\/?p=10234","title":{"rendered":"Revista Painel (1973-2017): Hist\u00f3ria e mem\u00f3ria de Foz do Igua\u00e7u e regi\u00e3o (digitaliza\u00e7\u00e3o, cataloga\u00e7\u00e3o e difus\u00e3o de fontes hist\u00f3ricas)"},"content":{"rendered":"<p style=\"text-align: justify;\"><strong>Coordenador:<\/strong> Paulo Renato da Silva<\/p>\n<p style=\"text-align: justify;\"><strong>Contato:<\/strong> paulo.silva@unila.edu.br<\/p>\n<p><strong>Local de realiza\u00e7\u00e3o:<\/strong> Funda\u00e7\u00e3o Cultural de Foz do Igua\u00e7u &#8211; Rua Benjamin Constant, 62, Centro, Foz do Igua\u00e7u, Paran\u00e1 &#8211; Brasil.<\/p>\n<p><strong>Para mais informa\u00e7\u00f5es, acesse: <\/strong><a href=\"https:\/\/sig.unila.edu.br\/sigaa\/link\/public\/extensao\/visualizacaoAcaoExtensao\/91795060\" target=\"_blank\">https:\/\/sig.unila.edu.br\/sigaa\/link\/public\/extensao\/visualizacaoAcaoExtensao\/91795060<\/a><strong><br \/>\n<\/strong><\/p>\n","protected":false},"excerpt":{"rendered":"<p>Coordenador: Paulo Renato da Silva Contato: paulo.silva@unila.edu.br Local de realiza\u00e7\u00e3o: Funda\u00e7\u00e3o Cultural de Foz do Igua\u00e7u &#8211; Rua Benjamin Constant, 62, Centro, Foz do Igua\u00e7u, Paran\u00e1 &#8211; Brasil. Para mais informa\u00e7\u00f5es, acesse: https:\/\/sig.unila.edu.br\/sigaa\/link\/public\/extensao\/visualizacaoAcaoExtensao\/91795060<\/p>\n","protected":false},"author":24,"featured_media":0,"comment_status":"closed","ping_status":"open","sticky":false,"template":"","format":"standard","meta":{"footnotes":""},"categories":[42,50,43],"tags":[],"class_list":["post-10234","post","type-post","status-publish","format-standard","hentry","category-acao-de-extensao","category-cultura-e-artes","category-projeto"],"_links":{"self":[{"href":"https:\/\/divulga.unila.edu.br\/umapas\/index.php?rest_route=\/wp\/v2\/posts\/10234","targetHints":{"allow":["GET"]}}],"collection":[{"href":"https:\/\/divulga.unila.edu.br\/umapas\/index.php?rest_route=\/wp\/v2\/posts"}],"about":[{"href":"https:\/\/divulga.unila.edu.br\/umapas\/index.php?rest_route=\/wp\/v2\/types\/post"}],"author":[{"embeddable":true,"href":"https:\/\/divulga.unila.edu.br\/umapas\/index.php?rest_route=\/wp\/v2\/users\/24"}],"replies":[{"embeddable":true,"href":"https:\/\/divulga.unila.edu.br\/umapas\/index.php?rest_route=%2Fwp%2Fv2%2Fcomments&post=10234"}],"version-history":[{"count":1,"href":"https:\/\/divulga.unila.edu.br\/umapas\/index.php?rest_route=\/wp\/v2\/posts\/10234\/revisions"}],"predecessor-version":[{"id":10235,"href":"https:\/\/divulga.unila.edu.br\/umapas\/index.php?rest_route=\/wp\/v2\/posts\/10234\/revisions\/10235"}],"wp:attachment":[{"href":"https:\/\/divulga.unila.edu.br\/umapas\/index.php?rest_route=%2Fwp%2Fv2%2Fmedia&parent=10234"}],"wp:term":[{"taxonomy":"category","embeddable":true,"href":"https:\/\/divulga.unila.edu.br\/umapas\/index.php?rest_route=%2Fwp%2Fv2%2Fcategories&post=10234"},{"taxonomy":"post_tag","embeddable":true,"href":"https:\/\/divulga.unila.edu.br\/umapas\/index.php?rest_route=%2Fwp%2Fv2%2Ftags&post=10234"}],"curies":[{"name":"wp","href":"https:\/\/api.w.org\/{rel}","templated":true}]}}