{"id":1020,"date":"2017-04-10T18:17:33","date_gmt":"2017-04-10T18:17:33","guid":{"rendered":"http:\/\/10.80.6.168\/wordpress.mapeamento\/?p=1020"},"modified":"2017-09-05T17:14:55","modified_gmt":"2017-09-05T17:14:55","slug":"vigilancia-integrada-de-aedes-aegypti-e-aedes-albopictus-os-mosquitos-dos-varios-virus","status":"publish","type":"post","link":"https:\/\/divulga.unila.edu.br\/umapas\/?p=1020","title":{"rendered":"Vigil\u00e2ncia Integrada de Aedes aegypti e Aedes albopictus, os mosquitos dos V\u00c1RIOS v\u00edrus"},"content":{"rendered":"<p style=\"text-align: justify;\"><strong>Coordenador:<\/strong> Cristian Antonio Rojas<\/p>\n<p style=\"text-align: justify;\"><strong>Contato:<\/strong> cristian.rojas@unila.edu.br<\/p>\n<p><strong>Local de realiza\u00e7\u00e3o:<\/strong> Escola Municipal Padre Luigi Salvucci \u2013 Rua N, 45, Vila C, Foz do Igua\u00e7u \u2013 PR. CEP: 85870-395 (1 de 4)<\/p>\n<p><strong>Para mais informa\u00e7\u00f5es, acesse:<\/strong> <a href=\"https:\/\/sig.unila.edu.br\/sigaa\/link\/public\/extensao\/visualizacaoAcaoExtensao\/91793745\" target=\"_blank\">https:\/\/sig.unila.edu.br\/sigaa\/link\/public\/extensao\/visualizacaoAcaoExtensao\/91793745<\/a><\/p>\n","protected":false},"excerpt":{"rendered":"<p>Coordenador: Cristian Antonio Rojas Contato: cristian.rojas@unila.edu.br Local de realiza\u00e7\u00e3o: Escola Municipal Padre Luigi Salvucci \u2013 Rua N, 45, Vila C, Foz do Igua\u00e7u \u2013 PR. CEP: 85870-395 (1 de 4) Para mais informa\u00e7\u00f5es, acesse: https:\/\/sig.unila.edu.br\/sigaa\/link\/public\/extensao\/visualizacaoAcaoExtensao\/91793745<\/p>\n","protected":false},"author":2,"featured_media":0,"comment_status":"open","ping_status":"open","sticky":false,"template":"","format":"standard","meta":{"footnotes":""},"categories":[42,43,54],"tags":[],"class_list":["post-1020","post","type-post","status-publish","format-standard","hentry","category-acao-de-extensao","category-projeto","category-saude"],"_links":{"self":[{"href":"https:\/\/divulga.unila.edu.br\/umapas\/index.php?rest_route=\/wp\/v2\/posts\/1020","targetHints":{"allow":["GET"]}}],"collection":[{"href":"https:\/\/divulga.unila.edu.br\/umapas\/index.php?rest_route=\/wp\/v2\/posts"}],"about":[{"href":"https:\/\/divulga.unila.edu.br\/umapas\/index.php?rest_route=\/wp\/v2\/types\/post"}],"author":[{"embeddable":true,"href":"https:\/\/divulga.unila.edu.br\/umapas\/index.php?rest_route=\/wp\/v2\/users\/2"}],"replies":[{"embeddable":true,"href":"https:\/\/divulga.unila.edu.br\/umapas\/index.php?rest_route=%2Fwp%2Fv2%2Fcomments&post=1020"}],"version-history":[{"count":2,"href":"https:\/\/divulga.unila.edu.br\/umapas\/index.php?rest_route=\/wp\/v2\/posts\/1020\/revisions"}],"predecessor-version":[{"id":1368,"href":"https:\/\/divulga.unila.edu.br\/umapas\/index.php?rest_route=\/wp\/v2\/posts\/1020\/revisions\/1368"}],"wp:attachment":[{"href":"https:\/\/divulga.unila.edu.br\/umapas\/index.php?rest_route=%2Fwp%2Fv2%2Fmedia&parent=1020"}],"wp:term":[{"taxonomy":"category","embeddable":true,"href":"https:\/\/divulga.unila.edu.br\/umapas\/index.php?rest_route=%2Fwp%2Fv2%2Fcategories&post=1020"},{"taxonomy":"post_tag","embeddable":true,"href":"https:\/\/divulga.unila.edu.br\/umapas\/index.php?rest_route=%2Fwp%2Fv2%2Ftags&post=1020"}],"curies":[{"name":"wp","href":"https:\/\/api.w.org\/{rel}","templated":true}]}}