{"id":1017,"date":"2017-04-10T18:05:54","date_gmt":"2017-04-10T18:05:54","guid":{"rendered":"http:\/\/10.80.6.168\/wordpress.mapeamento\/?p=1017"},"modified":"2017-09-06T17:51:38","modified_gmt":"2017-09-06T17:51:38","slug":"plano-popular-de-recuperacao-das-nascentes-do-corrego-mathias-almada-eppc","status":"publish","type":"post","link":"https:\/\/divulga.unila.edu.br\/umapas\/?p=1017","title":{"rendered":"Plano Popular de Recupera\u00e7\u00e3o das Nascentes do C\u00f3rrego Mathias Almada \u2013 EPPC"},"content":{"rendered":"<p style=\"text-align: justify;\"><strong>Coordenadora:<\/strong> Juliana Ramm\u00e9<\/p>\n<p style=\"text-align: justify;\"><strong>Contato:<\/strong> juliana.ramme@unila.edu.br<\/p>\n<p><strong>Local de realiza\u00e7\u00e3o:<\/strong> Associa\u00e7\u00e3o de Moradores do Bairro Vila Miranda &#8211; Rua Rodrigues de Freitas, 382, Vila Miranda, Foz do Igua\u00e7u \u2013 PR. CEP: 85862-590<\/p>\n<p><strong>Para mais informa\u00e7\u00f5es, acesse:<\/strong> <a href=\"https:\/\/sig.unila.edu.br\/sigaa\/link\/public\/extensao\/visualizacaoAcaoExtensao\/91793714\" target=\"_blank\">https:\/\/sig.unila.edu.br\/sigaa\/link\/public\/extensao\/visualizacaoAcaoExtensao\/91793714<\/a><\/p>\n","protected":false},"excerpt":{"rendered":"<p>Coordenadora: Juliana Ramm\u00e9 Contato: juliana.ramme@unila.edu.br Local de realiza\u00e7\u00e3o: Associa\u00e7\u00e3o de Moradores do Bairro Vila Miranda &#8211; Rua Rodrigues de Freitas, 382, Vila Miranda, Foz do Igua\u00e7u \u2013 PR. CEP: 85862-590 Para mais informa\u00e7\u00f5es, acesse: https:\/\/sig.unila.edu.br\/sigaa\/link\/public\/extensao\/visualizacaoAcaoExtensao\/91793714<\/p>\n","protected":false},"author":2,"featured_media":0,"comment_status":"open","ping_status":"open","sticky":false,"template":"","format":"standard","meta":{"footnotes":""},"categories":[42,53,43],"tags":[],"class_list":["post-1017","post","type-post","status-publish","format-standard","hentry","category-acao-de-extensao","category-meio-ambiente","category-projeto"],"_links":{"self":[{"href":"https:\/\/divulga.unila.edu.br\/umapas\/index.php?rest_route=\/wp\/v2\/posts\/1017","targetHints":{"allow":["GET"]}}],"collection":[{"href":"https:\/\/divulga.unila.edu.br\/umapas\/index.php?rest_route=\/wp\/v2\/posts"}],"about":[{"href":"https:\/\/divulga.unila.edu.br\/umapas\/index.php?rest_route=\/wp\/v2\/types\/post"}],"author":[{"embeddable":true,"href":"https:\/\/divulga.unila.edu.br\/umapas\/index.php?rest_route=\/wp\/v2\/users\/2"}],"replies":[{"embeddable":true,"href":"https:\/\/divulga.unila.edu.br\/umapas\/index.php?rest_route=%2Fwp%2Fv2%2Fcomments&post=1017"}],"version-history":[{"count":2,"href":"https:\/\/divulga.unila.edu.br\/umapas\/index.php?rest_route=\/wp\/v2\/posts\/1017\/revisions"}],"predecessor-version":[{"id":1019,"href":"https:\/\/divulga.unila.edu.br\/umapas\/index.php?rest_route=\/wp\/v2\/posts\/1017\/revisions\/1019"}],"wp:attachment":[{"href":"https:\/\/divulga.unila.edu.br\/umapas\/index.php?rest_route=%2Fwp%2Fv2%2Fmedia&parent=1017"}],"wp:term":[{"taxonomy":"category","embeddable":true,"href":"https:\/\/divulga.unila.edu.br\/umapas\/index.php?rest_route=%2Fwp%2Fv2%2Fcategories&post=1017"},{"taxonomy":"post_tag","embeddable":true,"href":"https:\/\/divulga.unila.edu.br\/umapas\/index.php?rest_route=%2Fwp%2Fv2%2Ftags&post=1017"}],"curies":[{"name":"wp","href":"https:\/\/api.w.org\/{rel}","templated":true}]}}