{"id":164,"date":"2023-04-26T20:24:17","date_gmt":"2023-04-26T23:24:17","guid":{"rendered":"https:\/\/divulga.unila.edu.br\/isf\/?p=164"},"modified":"2026-02-24T20:00:44","modified_gmt":"2026-02-24T23:00:44","slug":"espanhol","status":"publish","type":"post","link":"https:\/\/divulga.unila.edu.br\/isf\/2023\/04\/26\/espanhol\/","title":{"rendered":"Espanhol"},"content":{"rendered":"\t\t<div data-elementor-type=\"wp-post\" data-elementor-id=\"164\" class=\"elementor elementor-164\">\n\t\t\t\t\t\t<section class=\"has_eae_slider elementor-section elementor-top-section elementor-element elementor-element-19118219 elementor-section-boxed elementor-section-height-default elementor-section-height-default wpr-particle-no wpr-jarallax-no wpr-parallax-no wpr-sticky-section-no wpr-equal-height-no\" data-eae-slider=\"14740\" data-id=\"19118219\" data-element_type=\"section\" data-e-type=\"section\">\n\t\t\t\t\t\t<div class=\"elementor-container elementor-column-gap-default\">\n\t\t\t\t\t<div class=\"has_eae_slider elementor-column elementor-col-100 elementor-top-column elementor-element elementor-element-52208ced\" data-eae-slider=\"80195\" data-id=\"52208ced\" data-element_type=\"column\" data-e-type=\"column\">\n\t\t\t<div class=\"elementor-widget-wrap elementor-element-populated\">\n\t\t\t\t\t\t<div class=\"elementor-element elementor-element-2d5c196b elementor-widget elementor-widget-text-editor\" data-id=\"2d5c196b\" data-element_type=\"widget\" data-e-type=\"widget\" data-widget_type=\"text-editor.default\">\n\t\t\t\t<div class=\"elementor-widget-container\">\n\t\t\t\t\t\t\t\t\t<p><\/p>\n<p><b>Cat\u00e1logo de cursos<\/b><\/p>\n<p><\/p>\t\t\t\t\t\t\t\t<\/div>\n\t\t\t\t<\/div>\n\t\t\t\t<div class=\"elementor-element elementor-element-3095913 elementor-widget elementor-widget-text-editor\" data-id=\"3095913\" data-element_type=\"widget\" data-e-type=\"widget\" data-widget_type=\"text-editor.default\">\n\t\t\t\t<div class=\"elementor-widget-container\">\n\t\t\t\t\t\t\t\t\t<p>Grupo 1: Cultura<\/p>\n<ul>\n<li>Espanhol para mobilidade acad\u00eamica (A2): 32h<\/li>\n<li>Cine debate em l\u00edngua espanhola (B1): 32h<\/li>\n<li>Clube do livro em espanhol (B1): 32h<\/li>\n<li>Conversa\u00e7\u00e3o em Espanhol (B1): 32h<\/li>\n<\/ul>\n<p>Grupo 2: Exames<\/p>\n<ul>\n<li>Exames de Profici\u00eancia em Espanhol (A2): 16h e 32h<\/li>\n<\/ul>\n<p>\u00a0Grupo 3: Internacionaliza\u00e7\u00e3o<\/p>\n<ul>\n<li>Espanhol para intera\u00e7\u00e3o em contextos acad\u00eamicos (A1): 32h<\/li>\n<li>Compreens\u00e3o de textos acad\u00eamicos em espanhol (A2): 16h<\/li>\n<li>Elabora\u00e7\u00e3o e apresenta\u00e7\u00e3o oral de p\u00f4ster cient\u00edfico em espanhol (B1): 16h e 32h<\/li>\n<li>Elabora\u00e7\u00e3o de resumos cient\u00edficos (B1): 16h<\/li>\n<li>Espanhol como l\u00edngua de instru\u00e7\u00e3o em contextos acad\u00eamicos (para docentes) (B1): 32h<\/li>\n<\/ul>\t\t\t\t\t\t\t\t<\/div>\n\t\t\t\t<\/div>\n\t\t\t\t<div class=\"elementor-element elementor-element-8b55295 elementor-widget elementor-widget-image\" data-id=\"8b55295\" data-element_type=\"widget\" data-e-type=\"widget\" data-widget_type=\"image.default\">\n\t\t\t\t<div class=\"elementor-widget-container\">\n\t\t\t\t\t\t\t\t\t\t\t\t\t\t\t<img fetchpriority=\"high\" decoding=\"async\" width=\"300\" height=\"300\" src=\"https:\/\/divulga.unila.edu.br\/isf\/wp-content\/uploads\/sites\/11\/2023\/04\/REDE-ESPANHOL_Prancheta-1-300x300.png\" class=\"attachment-medium size-medium wp-image-900\" alt=\"\" srcset=\"https:\/\/divulga.unila.edu.br\/isf\/wp-content\/uploads\/sites\/11\/2023\/04\/REDE-ESPANHOL_Prancheta-1-300x300.png 300w, https:\/\/divulga.unila.edu.br\/isf\/wp-content\/uploads\/sites\/11\/2023\/04\/REDE-ESPANHOL_Prancheta-1-1024x1024.png 1024w, https:\/\/divulga.unila.edu.br\/isf\/wp-content\/uploads\/sites\/11\/2023\/04\/REDE-ESPANHOL_Prancheta-1-150x150.png 150w, https:\/\/divulga.unila.edu.br\/isf\/wp-content\/uploads\/sites\/11\/2023\/04\/REDE-ESPANHOL_Prancheta-1-768x768.png 768w, https:\/\/divulga.unila.edu.br\/isf\/wp-content\/uploads\/sites\/11\/2023\/04\/REDE-ESPANHOL_Prancheta-1-1536x1536.png 1536w, https:\/\/divulga.unila.edu.br\/isf\/wp-content\/uploads\/sites\/11\/2023\/04\/REDE-ESPANHOL_Prancheta-1-2048x2048.png 2048w, https:\/\/divulga.unila.edu.br\/isf\/wp-content\/uploads\/sites\/11\/2023\/04\/REDE-ESPANHOL_Prancheta-1-40x40.png 40w, https:\/\/divulga.unila.edu.br\/isf\/wp-content\/uploads\/sites\/11\/2023\/04\/REDE-ESPANHOL_Prancheta-1-275x275.png 275w, https:\/\/divulga.unila.edu.br\/isf\/wp-content\/uploads\/sites\/11\/2023\/04\/REDE-ESPANHOL_Prancheta-1-205x205.png 205w, https:\/\/divulga.unila.edu.br\/isf\/wp-content\/uploads\/sites\/11\/2023\/04\/REDE-ESPANHOL_Prancheta-1-480x480.png 480w, https:\/\/divulga.unila.edu.br\/isf\/wp-content\/uploads\/sites\/11\/2023\/04\/REDE-ESPANHOL_Prancheta-1-1920x1920.png 1920w\" sizes=\"(max-width: 300px) 100vw, 300px\" \/>\t\t\t\t\t\t\t\t\t\t\t\t\t\t\t<\/div>\n\t\t\t\t<\/div>\n\t\t\t\t\t<\/div>\n\t\t<\/div>\n\t\t\t\t\t<\/div>\n\t\t<\/section>\n\t\t\t\t<section class=\"has_eae_slider elementor-section elementor-top-section elementor-element elementor-element-3300185 elementor-section-boxed elementor-section-height-default elementor-section-height-default wpr-particle-no wpr-jarallax-no wpr-parallax-no wpr-sticky-section-no wpr-equal-height-no\" data-eae-slider=\"11858\" data-id=\"3300185\" data-element_type=\"section\" data-e-type=\"section\">\n\t\t\t\t\t\t<div class=\"elementor-container elementor-column-gap-default\">\n\t\t\t\t\t<div class=\"has_eae_slider elementor-column elementor-col-100 elementor-top-column elementor-element elementor-element-ea147d3\" data-eae-slider=\"65759\" data-id=\"ea147d3\" data-element_type=\"column\" data-e-type=\"column\">\n\t\t\t<div class=\"elementor-widget-wrap elementor-element-populated\">\n\t\t\t\t\t\t<div class=\"elementor-element elementor-element-03ca049 elementor-widget elementor-widget-text-editor\" data-id=\"03ca049\" data-element_type=\"widget\" data-e-type=\"widget\" data-widget_type=\"text-editor.default\">\n\t\t\t\t<div class=\"elementor-widget-container\">\n\t\t\t\t\t\t\t\t\t<h5><i>A UNILA tamb\u00e9m \u00e9 um dos postos aplicadores do exame de profici\u00eancia em L\u00edngua Espanhola CELU. Dentro do cat\u00e1logo do IsF ofertamos cursos de prepara\u00e7\u00e3o para esse e outros exames de certifica\u00e7\u00e3o.\u00a0<\/i><\/h5>\n<h5><i>Para quem se interesse e necessite maiores informa\u00e7\u00f5es sobre como realizar esse exame, acesse o link abaixo ou entre em contato com: c<u>elu@unila.edu.br<\/u><\/i><\/h5>\t\t\t\t\t\t\t\t<\/div>\n\t\t\t\t<\/div>\n\t\t\t\t<div class=\"elementor-element elementor-element-e2c88de elementor-button-info elementor-align-center elementor-widget elementor-widget-button\" data-id=\"e2c88de\" data-element_type=\"widget\" data-e-type=\"widget\" data-widget_type=\"button.default\">\n\t\t\t\t<div class=\"elementor-widget-container\">\n\t\t\t\t\t\t\t\t\t<div class=\"elementor-button-wrapper\">\n\t\t\t\t\t<a class=\"elementor-button elementor-button-link elementor-size-md\" href=\"https:\/\/www.celu.edu.ar\/pt-pt\" target=\"_blank\">\n\t\t\t\t\t\t<span class=\"elementor-button-content-wrapper\">\n\t\t\t\t\t\t\t\t\t<span class=\"elementor-button-text\">CELU: Certificado de Espa\u00f1ol Lengua y Uso<\/span>\n\t\t\t\t\t<\/span>\n\t\t\t\t\t<\/a>\n\t\t\t\t<\/div>\n\t\t\t\t\t\t\t\t<\/div>\n\t\t\t\t<\/div>\n\t\t\t\t\t<\/div>\n\t\t<\/div>\n\t\t\t\t\t<\/div>\n\t\t<\/section>\n\t\t\t\t<section class=\"has_eae_slider elementor-section elementor-top-section elementor-element elementor-element-1b2dfbd elementor-section-boxed elementor-section-height-default elementor-section-height-default wpr-particle-no wpr-jarallax-no wpr-parallax-no wpr-sticky-section-no wpr-equal-height-no\" data-eae-slider=\"78183\" data-id=\"1b2dfbd\" data-element_type=\"section\" data-e-type=\"section\">\n\t\t\t\t\t\t<div class=\"elementor-container elementor-column-gap-default\">\n\t\t\t\t\t<div class=\"has_eae_slider elementor-column elementor-col-100 elementor-top-column elementor-element elementor-element-3022fbb\" data-eae-slider=\"81451\" data-id=\"3022fbb\" data-element_type=\"column\" data-e-type=\"column\">\n\t\t\t<div class=\"elementor-widget-wrap elementor-element-populated\">\n\t\t\t\t\t\t<div class=\"elementor-element elementor-element-c03f78a elementor-align-right elementor-widget elementor-widget-button\" data-id=\"c03f78a\" data-element_type=\"widget\" data-e-type=\"widget\" data-widget_type=\"button.default\">\n\t\t\t\t<div class=\"elementor-widget-container\">\n\t\t\t\t\t\t\t\t\t<div class=\"elementor-button-wrapper\">\n\t\t\t\t\t<a class=\"elementor-button elementor-button-link elementor-size-sm\" href=\"https:\/\/divulga.unila.edu.br\/isf\/\">\n\t\t\t\t\t\t<span class=\"elementor-button-content-wrapper\">\n\t\t\t\t\t\t\t\t\t<span class=\"elementor-button-text\">voltar a p\u00e1gina principal<\/span>\n\t\t\t\t\t<\/span>\n\t\t\t\t\t<\/a>\n\t\t\t\t<\/div>\n\t\t\t\t\t\t\t\t<\/div>\n\t\t\t\t<\/div>\n\t\t\t\t\t<\/div>\n\t\t<\/div>\n\t\t\t\t\t<\/div>\n\t\t<\/section>\n\t\t\t\t<\/div>\n\t\t","protected":false},"excerpt":{"rendered":"<p>Cat\u00e1logo de cursos Grupo 1: Cultura Espanhol para mobilidade acad\u00eamica (A2): 32h Cine debate em l\u00edngua espanhola (B1): 32h Clube do livro em espanhol (B1): 32h Conversa\u00e7\u00e3o em Espanhol (B1): 32h Grupo 2: Exames Exames de Profici\u00eancia em Espanhol (A2): 16h e 32h \u00a0Grupo 3: Internacionaliza\u00e7\u00e3o Espanhol para intera\u00e7\u00e3o em contextos acad\u00eamicos (A1): 32h Compreens\u00e3o de textos acad\u00eamicos em espanhol (A2): 16h Elabora\u00e7\u00e3o e apresenta\u00e7\u00e3o oral de p\u00f4ster cient\u00edfico em espanhol (B1): 16h e 32h Elabora\u00e7\u00e3o de resumos cient\u00edficos (B1): 16h Espanhol como l\u00edngua de instru\u00e7\u00e3o em contextos acad\u00eamicos (para docentes) (B1): 32h A UNILA tamb\u00e9m \u00e9 um dos postos aplicadores do exame de profici\u00eancia em L\u00edngua Espanhola CELU. Dentro do cat\u00e1logo do IsF ofertamos cursos de prepara\u00e7\u00e3o para esse e outros exames de certifica\u00e7\u00e3o.\u00a0 Para quem se interesse e necessite maiores informa\u00e7\u00f5es sobre como realizar esse exame, acesse o link abaixo ou entre em contato com: celu@unila.edu.br CELU: Certificado de Espa\u00f1ol Lengua y Uso voltar a p\u00e1gina principal<\/p>\n","protected":false},"author":24,"featured_media":0,"comment_status":"open","ping_status":"open","sticky":false,"template":"","format":"standard","meta":{"_uag_custom_page_level_css":"","_themeisle_gutenberg_block_has_review":false,"footnotes":""},"categories":[1],"tags":[],"class_list":["post-164","post","type-post","status-publish","format-standard","hentry","category-sem-categoria"],"uagb_featured_image_src":{"full":false,"thumbnail":false,"medium":false,"medium_large":false,"large":false,"1536x1536":false,"2048x2048":false,"htmega_size_585x295":false,"htmega_size_1170x536":false,"htmega_size_396x360":false,"tainacan-small":false,"tainacan-medium":false,"tainacan-medium-full":false,"tainacan-large-full":false},"uagb_author_info":{"display_name":"Adm IsF","author_link":"https:\/\/divulga.unila.edu.br\/isf\/author\/natalia\/"},"uagb_comment_info":0,"uagb_excerpt":"Cat\u00e1logo de cursos Grupo 1: Cultura Espanhol para mobilidade acad\u00eamica (A2): 32h Cine debate em l\u00edngua espanhola (B1): 32h Clube do livro em espanhol (B1): 32h Conversa\u00e7\u00e3o em Espanhol (B1): 32h Grupo 2: Exames Exames de Profici\u00eancia em Espanhol (A2): 16h e 32h \u00a0Grupo 3: Internacionaliza\u00e7\u00e3o Espanhol para intera\u00e7\u00e3o em contextos acad\u00eamicos (A1): 32h Compreens\u00e3o&hellip;","_links":{"self":[{"href":"https:\/\/divulga.unila.edu.br\/isf\/wp-json\/wp\/v2\/posts\/164","targetHints":{"allow":["GET"]}}],"collection":[{"href":"https:\/\/divulga.unila.edu.br\/isf\/wp-json\/wp\/v2\/posts"}],"about":[{"href":"https:\/\/divulga.unila.edu.br\/isf\/wp-json\/wp\/v2\/types\/post"}],"author":[{"embeddable":true,"href":"https:\/\/divulga.unila.edu.br\/isf\/wp-json\/wp\/v2\/users\/24"}],"replies":[{"embeddable":true,"href":"https:\/\/divulga.unila.edu.br\/isf\/wp-json\/wp\/v2\/comments?post=164"}],"version-history":[{"count":52,"href":"https:\/\/divulga.unila.edu.br\/isf\/wp-json\/wp\/v2\/posts\/164\/revisions"}],"predecessor-version":[{"id":908,"href":"https:\/\/divulga.unila.edu.br\/isf\/wp-json\/wp\/v2\/posts\/164\/revisions\/908"}],"wp:attachment":[{"href":"https:\/\/divulga.unila.edu.br\/isf\/wp-json\/wp\/v2\/media?parent=164"}],"wp:term":[{"taxonomy":"category","embeddable":true,"href":"https:\/\/divulga.unila.edu.br\/isf\/wp-json\/wp\/v2\/categories?post=164"},{"taxonomy":"post_tag","embeddable":true,"href":"https:\/\/divulga.unila.edu.br\/isf\/wp-json\/wp\/v2\/tags?post=164"}],"curies":[{"name":"wp","href":"https:\/\/api.w.org\/{rel}","templated":true}]}}