{"id":728,"date":"2024-02-13T11:14:44","date_gmt":"2024-02-13T14:14:44","guid":{"rendered":"https:\/\/divulga.unila.edu.br\/interclinica\/?p=728"},"modified":"2024-02-13T11:57:18","modified_gmt":"2024-02-13T14:57:18","slug":"a-escuta-clinica-do-mundo-mais-que-humano","status":"publish","type":"post","link":"https:\/\/divulga.unila.edu.br\/interclinica\/2024\/02\/13\/a-escuta-clinica-do-mundo-mais-que-humano\/","title":{"rendered":"A escuta cl\u00ednica do mundo mais-que-humano"},"content":{"rendered":"\t\t<div data-elementor-type=\"wp-post\" data-elementor-id=\"728\" class=\"elementor elementor-728\">\n\t\t\t\t<div class=\"has_eae_slider elementor-element elementor-element-78587d95 e-flex e-con-boxed wpr-particle-no wpr-jarallax-no wpr-parallax-no wpr-sticky-section-no wpr-equal-height-no e-con e-parent\" data-eae-slider=\"40443\" data-id=\"78587d95\" data-element_type=\"container\" data-e-type=\"container\">\n\t\t\t\t\t<div class=\"e-con-inner\">\n\t\t\t\t<div class=\"elementor-element elementor-element-3ebd2fb4 elementor-drop-cap-yes elementor-drop-cap-view-default elementor-widget elementor-widget-text-editor\" data-id=\"3ebd2fb4\" data-element_type=\"widget\" data-e-type=\"widget\" data-settings=\"{&quot;drop_cap&quot;:&quot;yes&quot;}\" data-widget_type=\"text-editor.default\">\n\t\t\t\t<div class=\"elementor-widget-container\">\n\t\t\t\t\t\t\t\t\t<div class=\"wp-block-image\">\n<figure class=\"aligncenter size-full\"><img fetchpriority=\"high\" decoding=\"async\" width=\"180\" height=\"282\" class=\"wp-image-731\" src=\"http:\/\/divulga.unila.edu.br\/interclinica\/wp-content\/uploads\/sites\/39\/2024\/02\/images.jpeg\" alt=\"\" \/><\/figure>\n<\/div>\n<p style=\"text-align: justify\">O livro \u201cPsicologia do antropoceno: ser humano em um mundo mais-que-humano\u201d de Matthew Adams \u00e9 uma contribui\u00e7\u00e3o interessante a uma psicologia preocupada em contemplar a rela\u00e7\u00e3o entre humanos e n\u00e3o-humanos de forma n\u00e3o-hier\u00e1rquica e n\u00e3o-antropoc\u00eantrica, j\u00e1 que tradicionalmente a psicologia dita moderna tomou o indiv\u00edduo como centro de sua an\u00e1lise e elabora\u00e7\u00e3o te\u00f3rica, seguindo a tend\u00eancia amplamente compartilhada pelas humanidades e pelas ci\u00eancias sociais da \u00e9poca. Adams inicia a obra com a discuss\u00e3o sobre a rela\u00e7\u00e3o que a psicologia experimental manteve com os animais a partir dos c\u00e3es do fisiologista russo Ivan Pavlov, comumente conhecido como o descobridor dos reflexos condicionados e como um dos precursores da escola comportamentalista em psicologia. Seu esfor\u00e7o se encaminha no sentido de imaginar uma outra rela\u00e7\u00e3o poss\u00edvel entre o \u201cpesquisador\u201d e os \u201canimais pesquisados\u201d com destaque \u00e0s suas m\u00fatuas influ\u00eancias e implica\u00e7\u00f5es rec\u00edprocas, rompendo com a cis\u00e3o antropoc\u00eantrica segundo a qual o pesquisador tem pleno controle sobre o \u201cobjeto\u201d em seu trabalho no laborat\u00f3rio. Dito de forma resumida, os animais n\u00e3o s\u00e3o seres passivos, mas tamb\u00e9m possuem ag\u00eancia.<\/p>\n\n<p style=\"text-align: justify\">O livro tamb\u00e9m apresenta as experi\u00eancias de pessoas que se alimentam de animais e aquelas que n\u00e3o se alimentam com o intuito de refletir sobre os aspectos cognitivos, comportamentais e emocionais a\u00ed envolvidos. Quando o ato de matar um animal \u00e9 tido como uma a\u00e7\u00e3o pela qual o ser humano se serve de um \u201crecurso natural\u201d para satisfazer sua fome, apaga-se qualquer possibilidade de reconhecimento de sua responsabilidade frente ao matar. Adams busca ensaiar uma \u00e9tica relacional que, apoiada em Donna Haraway, diferencia o \u201cmatar\u201d do \u201ctornar mat\u00e1vel\u201d como forma de imaginar outros futuros alimentares. H\u00e1 ainda um importante debate sobre o mal-estar manifestado por pessoas que vivem em lugares impactados por transforma\u00e7\u00f5es ambientais. Solastalgia \u00e9 o nome dado ao estresse e ao luto desencadeados em pessoas que t\u00eam que lidar com a perda de suas conex\u00f5es (apego) com o lugar em que vivem em virtude de mudan\u00e7as ambientais.<\/p>\n\n<p style=\"text-align: justify\">Os encontros multi-esp\u00e9cies, comuns em sociedades ind\u00edgenas, sobretudo, as de tend\u00eancias animista, \u00e9 o ponto mais interessante do livro, com elementos fundamentais \u00e0 produ\u00e7\u00e3o de uma escuta sens\u00edvel \u00e0 fase geol\u00f3gica atual do planeta terra em que o impacto humano, sobretudo, os advindos dos pa\u00edses do Norte global em decorr\u00eancia do sistema moderno\/colonial capitalista, conhecida como antropoceno ou capitaloceno, tem gerado transforma\u00e7\u00f5es ambientais de propor\u00e7\u00f5es inimagin\u00e1veis. Nessa escuta, o universo n\u00e3o-humano subjacente \u00e0s narrativas das pessoas, notadamente os ind\u00edgenas, mas n\u00e3o apenas eles, suas rela\u00e7\u00f5es com animais, plantas, rochas, montanhas, objetos encantados, lugares sagrados, entidades espirituais etc., \u00e9 t\u00e3o digno de aten\u00e7\u00e3o, considera\u00e7\u00e3o e respeito como o universo de rela\u00e7\u00f5es entre seres humanos. \u00c9 uma sa\u00edda para a famosa escuta psicol\u00f3gica centrada no papai\/mam\u00e3e em busca dos \u201coutros significativos\u201d que podem ser humanos ou n\u00e3o-humanos, numa afirma\u00e7\u00e3o de mundos materiais comp\u00f3sitos e plurais que n\u00e3o se deixam colonizar pela ideia de que tudo \u00e9 uma constru\u00e7\u00e3o social ou lingu\u00edstica.<\/p>\n\n<p style=\"text-align: justify\">A obra \u00e9 indubitavelmente um convite para refletir sobre a rela\u00e7\u00e3o que os seres humanos mant\u00eam com o mundo mais-que-humano, esse outro enigm\u00e1tico, na maioria das vezes, subalterno, que n\u00e3o fala, como o gato que observa Jacques Derrida enquanto se despe, fazendo-o se indagar se os felinos t\u00eam ou n\u00e3o pudor e se deveria sentir vergonha diante daquele cujo olhar atento quanto obstinado se apresenta n\u00e3o como um mist\u00e9rio a ser solucionado, mas como aquilo que mant\u00e9m a impossibilidade de qualquer certeza final ou absoluta. Trata-se de um gesto pelo qual se tenta manter a alteridade do outro sem coloniz\u00e1-lo com conceitos, ideias e pensamentos pr\u00e9-concebidos. Para diz\u00ea-lo de outro modo, \u00e9 uma chance para rever responsabilidades [response-abilities], e o impacto da a\u00e7\u00e3o humana na terra com vistas \u00e0 produ\u00e7\u00e3o de uma nova subjetividade e, obviamente, de uma nova psicologia.<\/p>\n\n<p style=\"text-align: right\">Por Marcos de Jesus (14.01.2024).<\/p>\n\t\t\t\t\t\t\t\t<\/div>\n\t\t\t\t<\/div>\n\t\t\t\t\t<\/div>\n\t\t\t\t<\/div>\n\t\t\t\t<\/div>\n\t\t<a class=\"synved-social-button synved-social-button-follow synved-social-size-48 synved-social-resolution-single synved-social-provider-facebook nolightbox\" data-provider=\"facebook\" target=\"_blank\" rel=\"nofollow\" title=\"Follow us on Facebook\" href=\"https:\/\/www.facebook.com\/facebook\" style=\"font-size: 0px;width:48px;height:48px;margin:0;margin-bottom:5px;margin-right:5px\"><img decoding=\"async\" alt=\"Facebook\" title=\"Follow us on Facebook\" class=\"synved-share-image synved-social-image synved-social-image-follow\" width=\"48\" height=\"48\" style=\"display: inline;width:48px;height:48px;margin: 0;padding: 0;border: none;box-shadow: none\" src=\"https:\/\/divulga.unila.edu.br\/interclinica\/wp-content\/plugins\/social-media-feather\/synved-social\/image\/social\/regular\/96x96\/facebook.png\" \/><\/a><a class=\"synved-social-button synved-social-button-follow synved-social-size-48 synved-social-resolution-single synved-social-provider-twitter nolightbox\" data-provider=\"twitter\" target=\"_blank\" rel=\"nofollow\" title=\"Follow us on Twitter\" href=\"https:\/\/twitter.com\/twitter\" style=\"font-size: 0px;width:48px;height:48px;margin:0;margin-bottom:5px;margin-right:5px\"><img decoding=\"async\" alt=\"twitter\" title=\"Follow us on Twitter\" class=\"synved-share-image synved-social-image synved-social-image-follow\" width=\"48\" height=\"48\" style=\"display: inline;width:48px;height:48px;margin: 0;padding: 0;border: none;box-shadow: none\" src=\"https:\/\/divulga.unila.edu.br\/interclinica\/wp-content\/plugins\/social-media-feather\/synved-social\/image\/social\/regular\/96x96\/twitter.png\" \/><\/a><a class=\"synved-social-button synved-social-button-follow synved-social-size-48 synved-social-resolution-single synved-social-provider-linkedin nolightbox\" data-provider=\"linkedin\" target=\"_blank\" rel=\"nofollow\" title=\"Find us on Linkedin\" href=\"https:\/\/www.linkedin.com\/in\/yourid\" style=\"font-size: 0px;width:48px;height:48px;margin:0;margin-bottom:5px;margin-right:5px\"><img loading=\"lazy\" decoding=\"async\" alt=\"linkedin\" title=\"Find us on Linkedin\" class=\"synved-share-image synved-social-image synved-social-image-follow\" width=\"48\" height=\"48\" style=\"display: inline;width:48px;height:48px;margin: 0;padding: 0;border: none;box-shadow: none\" src=\"https:\/\/divulga.unila.edu.br\/interclinica\/wp-content\/plugins\/social-media-feather\/synved-social\/image\/social\/regular\/96x96\/linkedin.png\" \/><\/a><a class=\"synved-social-button synved-social-button-follow synved-social-size-48 synved-social-resolution-single synved-social-provider-instagram nolightbox\" data-provider=\"instagram\" target=\"_blank\" rel=\"nofollow\" title=\"Check out our instagram feed\" href=\"https:\/\/instagram.com\/myusername\" style=\"font-size: 0px;width:48px;height:48px;margin:0;margin-bottom:5px;margin-right:5px\"><img loading=\"lazy\" decoding=\"async\" alt=\"instagram\" title=\"Check out our instagram feed\" class=\"synved-share-image synved-social-image synved-social-image-follow\" width=\"48\" height=\"48\" style=\"display: inline;width:48px;height:48px;margin: 0;padding: 0;border: none;box-shadow: none\" src=\"https:\/\/divulga.unila.edu.br\/interclinica\/wp-content\/plugins\/social-media-feather\/synved-social\/image\/social\/regular\/96x96\/instagram.png\" \/><\/a><a class=\"synved-social-button synved-social-button-follow synved-social-size-48 synved-social-resolution-single synved-social-provider-flickr nolightbox\" data-provider=\"flickr\" target=\"_blank\" rel=\"nofollow\" title=\"Check out our flickr feed\" href=\"https:\/\/www.flickr.com\/photos\/myusername\/\" style=\"font-size: 0px;width:48px;height:48px;margin:0;margin-bottom:5px;margin-right:5px\"><img loading=\"lazy\" decoding=\"async\" alt=\"flickr\" title=\"Check out our flickr feed\" class=\"synved-share-image synved-social-image synved-social-image-follow\" width=\"48\" height=\"48\" style=\"display: inline;width:48px;height:48px;margin: 0;padding: 0;border: none;box-shadow: none\" src=\"https:\/\/divulga.unila.edu.br\/interclinica\/wp-content\/plugins\/social-media-feather\/synved-social\/image\/social\/regular\/96x96\/flickr.png\" \/><\/a><a class=\"synved-social-button synved-social-button-follow synved-social-size-48 synved-social-resolution-single synved-social-provider-foursquare nolightbox\" data-provider=\"foursquare\" target=\"_blank\" rel=\"nofollow\" title=\"Check out our foursquare feed\" href=\"https:\/\/foursquare.com\/myusername\" style=\"font-size: 0px;width:48px;height:48px;margin:0;margin-bottom:5px;margin-right:5px\"><img loading=\"lazy\" decoding=\"async\" alt=\"foursquare\" title=\"Check out our foursquare feed\" class=\"synved-share-image synved-social-image synved-social-image-follow\" width=\"48\" height=\"48\" style=\"display: inline;width:48px;height:48px;margin: 0;padding: 0;border: none;box-shadow: none\" src=\"https:\/\/divulga.unila.edu.br\/interclinica\/wp-content\/plugins\/social-media-feather\/synved-social\/image\/social\/regular\/96x96\/foursquare.png\" \/><\/a><a class=\"synved-social-button synved-social-button-follow synved-social-size-48 synved-social-resolution-single synved-social-provider-mail nolightbox\" data-provider=\"mail\" rel=\"nofollow\" title=\"Contact Us\" href=\"mailto:mail@example.com?subject=Contact%20Request\" style=\"font-size: 0px;width:48px;height:48px;margin:0;margin-bottom:5px\"><img loading=\"lazy\" decoding=\"async\" alt=\"mail\" title=\"Contact Us\" class=\"synved-share-image synved-social-image synved-social-image-follow\" width=\"48\" height=\"48\" style=\"display: inline;width:48px;height:48px;margin: 0;padding: 0;border: none;box-shadow: none\" src=\"https:\/\/divulga.unila.edu.br\/interclinica\/wp-content\/plugins\/social-media-feather\/synved-social\/image\/social\/regular\/96x96\/mail.png\" \/><\/a>","protected":false},"excerpt":{"rendered":"<p>O livro \u201cPsicologia do antropoceno: ser humano em um mundo mais-que-humano\u201d de Matthew Adams \u00e9 uma contribui\u00e7\u00e3o interessante a uma psicologia preocupada em contemplar a rela\u00e7\u00e3o entre humanos e n\u00e3o-humanos de forma n\u00e3o-hier\u00e1rquica e n\u00e3o-antropoc\u00eantrica, j\u00e1 que tradicionalmente a psicologia dita moderna tomou o indiv\u00edduo como centro de sua an\u00e1lise e elabora\u00e7\u00e3o te\u00f3rica, seguindo a tend\u00eancia amplamente compartilhada pelas humanidades e pelas ci\u00eancias sociais da \u00e9poca. Adams inicia a obra com a discuss\u00e3o sobre a rela\u00e7\u00e3o que a psicologia experimental manteve com os animais a partir dos c\u00e3es do fisiologista russo Ivan Pavlov, comumente conhecido como o descobridor dos reflexos condicionados e como um dos precursores da escola comportamentalista em psicologia. Seu esfor\u00e7o se encaminha no sentido de imaginar uma outra rela\u00e7\u00e3o poss\u00edvel entre o \u201cpesquisador\u201d e os \u201canimais pesquisados\u201d com destaque \u00e0s suas m\u00fatuas influ\u00eancias e implica\u00e7\u00f5es rec\u00edprocas, rompendo com a cis\u00e3o antropoc\u00eantrica segundo a qual o pesquisador tem pleno controle sobre o \u201cobjeto\u201d em seu trabalho no laborat\u00f3rio. Dito de forma resumida, os animais n\u00e3o s\u00e3o seres passivos, mas tamb\u00e9m possuem ag\u00eancia. O livro tamb\u00e9m apresenta as experi\u00eancias de pessoas que se alimentam de animais e aquelas que n\u00e3o se alimentam com o intuito de refletir sobre os aspectos cognitivos, comportamentais e emocionais a\u00ed envolvidos. Quando o ato de matar um animal \u00e9 tido como uma a\u00e7\u00e3o pela qual o ser humano se serve de um \u201crecurso natural\u201d para satisfazer sua fome, apaga-se qualquer possibilidade de reconhecimento de sua responsabilidade frente ao matar. Adams busca ensaiar uma \u00e9tica relacional que, apoiada em Donna Haraway, diferencia o \u201cmatar\u201d do \u201ctornar mat\u00e1vel\u201d como forma de imaginar outros futuros alimentares. H\u00e1 ainda um importante debate sobre o mal-estar manifestado por pessoas que vivem em lugares impactados por transforma\u00e7\u00f5es ambientais. Solastalgia \u00e9 o nome dado ao estresse e ao luto desencadeados em pessoas que t\u00eam que lidar com a perda de suas conex\u00f5es (apego) com o lugar em que vivem em virtude de mudan\u00e7as ambientais. Os encontros multi-esp\u00e9cies, comuns em sociedades ind\u00edgenas, sobretudo, as de tend\u00eancias animista, \u00e9 o ponto mais interessante do livro, com elementos fundamentais \u00e0 produ\u00e7\u00e3o de uma escuta sens\u00edvel \u00e0 fase geol\u00f3gica atual do planeta terra em que o impacto humano, sobretudo, os advindos dos pa\u00edses do Norte global em decorr\u00eancia do sistema moderno\/colonial capitalista, conhecida como antropoceno ou capitaloceno, tem gerado transforma\u00e7\u00f5es ambientais de propor\u00e7\u00f5es inimagin\u00e1veis. Nessa escuta, o universo n\u00e3o-humano subjacente \u00e0s narrativas das pessoas, notadamente os ind\u00edgenas, mas n\u00e3o apenas eles, suas rela\u00e7\u00f5es com animais, plantas, rochas, montanhas, objetos encantados, lugares sagrados, entidades espirituais etc., \u00e9 t\u00e3o digno de aten\u00e7\u00e3o, considera\u00e7\u00e3o e respeito como o universo de rela\u00e7\u00f5es entre seres humanos. \u00c9 uma sa\u00edda para a famosa escuta psicol\u00f3gica centrada no papai\/mam\u00e3e em busca dos \u201coutros significativos\u201d que podem ser humanos ou n\u00e3o-humanos, numa afirma\u00e7\u00e3o de mundos materiais comp\u00f3sitos e plurais que n\u00e3o se deixam colonizar pela ideia de que tudo \u00e9 uma constru\u00e7\u00e3o social ou lingu\u00edstica. A obra \u00e9 indubitavelmente um convite para refletir sobre a rela\u00e7\u00e3o que os seres humanos mant\u00eam com o mundo mais-que-humano, esse outro enigm\u00e1tico, na maioria das vezes, subalterno, que n\u00e3o fala, como o gato que observa Jacques Derrida enquanto se despe, fazendo-o se indagar se os felinos t\u00eam ou n\u00e3o pudor e se deveria sentir vergonha diante daquele cujo olhar atento quanto obstinado se apresenta n\u00e3o como um mist\u00e9rio a ser solucionado, mas como aquilo que mant\u00e9m a impossibilidade de qualquer certeza final ou absoluta. Trata-se de um gesto pelo qual se tenta manter a alteridade do outro sem coloniz\u00e1-lo com conceitos, ideias e pensamentos pr\u00e9-concebidos. Para diz\u00ea-lo de outro modo, \u00e9 uma chance para rever responsabilidades [response-abilities], e o impacto da a\u00e7\u00e3o humana na terra com vistas \u00e0 produ\u00e7\u00e3o de uma nova subjetividade e, obviamente, de uma nova psicologia. Por Marcos de Jesus (14.01.2024).<\/p>\n","protected":false},"author":90,"featured_media":0,"comment_status":"open","ping_status":"open","sticky":false,"template":"","format":"standard","meta":{"_uag_custom_page_level_css":"","_themeisle_gutenberg_block_has_review":false,"footnotes":""},"categories":[46],"tags":[32,34,36,39],"class_list":["post-728","post","type-post","status-publish","format-standard","hentry","category-resenha","tag-antropoceno","tag-mundo-mais-que-humano","tag-natureza","tag-psicologia"],"uagb_featured_image_src":{"full":false,"thumbnail":false,"medium":false,"medium_large":false,"large":false,"1536x1536":false,"2048x2048":false,"htmega_size_585x295":false,"htmega_size_1170x536":false,"htmega_size_396x360":false,"tainacan-small":false,"tainacan-medium":false,"tainacan-medium-full":false,"tainacan-large-full":false,"button-2-featured":false},"uagb_author_info":{"display_name":"marcos.jesus","author_link":"https:\/\/divulga.unila.edu.br\/interclinica\/author\/interclinica\/"},"uagb_comment_info":1,"uagb_excerpt":"O livro \u201cPsicologia do antropoceno: ser humano em um mundo mais-que-humano\u201d de Matthew Adams \u00e9 uma contribui\u00e7\u00e3o interessante a uma psicologia preocupada em contemplar a rela\u00e7\u00e3o entre humanos e n\u00e3o-humanos de forma n\u00e3o-hier\u00e1rquica e n\u00e3o-antropoc\u00eantrica, j\u00e1 que tradicionalmente a psicologia dita moderna tomou o indiv\u00edduo como centro de sua an\u00e1lise e elabora\u00e7\u00e3o te\u00f3rica, seguindo a&hellip;","_links":{"self":[{"href":"https:\/\/divulga.unila.edu.br\/interclinica\/wp-json\/wp\/v2\/posts\/728","targetHints":{"allow":["GET"]}}],"collection":[{"href":"https:\/\/divulga.unila.edu.br\/interclinica\/wp-json\/wp\/v2\/posts"}],"about":[{"href":"https:\/\/divulga.unila.edu.br\/interclinica\/wp-json\/wp\/v2\/types\/post"}],"author":[{"embeddable":true,"href":"https:\/\/divulga.unila.edu.br\/interclinica\/wp-json\/wp\/v2\/users\/90"}],"replies":[{"embeddable":true,"href":"https:\/\/divulga.unila.edu.br\/interclinica\/wp-json\/wp\/v2\/comments?post=728"}],"version-history":[{"count":11,"href":"https:\/\/divulga.unila.edu.br\/interclinica\/wp-json\/wp\/v2\/posts\/728\/revisions"}],"predecessor-version":[{"id":834,"href":"https:\/\/divulga.unila.edu.br\/interclinica\/wp-json\/wp\/v2\/posts\/728\/revisions\/834"}],"wp:attachment":[{"href":"https:\/\/divulga.unila.edu.br\/interclinica\/wp-json\/wp\/v2\/media?parent=728"}],"wp:term":[{"taxonomy":"category","embeddable":true,"href":"https:\/\/divulga.unila.edu.br\/interclinica\/wp-json\/wp\/v2\/categories?post=728"},{"taxonomy":"post_tag","embeddable":true,"href":"https:\/\/divulga.unila.edu.br\/interclinica\/wp-json\/wp\/v2\/tags?post=728"}],"curies":[{"name":"wp","href":"https:\/\/api.w.org\/{rel}","templated":true}]}}