{"id":1347,"date":"2024-06-06T19:29:25","date_gmt":"2024-06-06T22:29:25","guid":{"rendered":"https:\/\/divulga.unila.edu.br\/interclinica\/?p=1347"},"modified":"2025-06-02T16:33:14","modified_gmt":"2025-06-02T19:33:14","slug":"existem-pessoas-indigenas-autistas","status":"publish","type":"post","link":"https:\/\/divulga.unila.edu.br\/interclinica\/2024\/06\/06\/existem-pessoas-indigenas-autistas\/","title":{"rendered":"Existem pessoas ind\u00edgenas com autismo?"},"content":{"rendered":"\t\t<div data-elementor-type=\"wp-post\" data-elementor-id=\"1347\" class=\"elementor elementor-1347\">\n\t\t\t\t<div class=\"has_eae_slider elementor-element elementor-element-cdc9c7c e-con-full e-flex wpr-particle-no wpr-jarallax-no wpr-parallax-no wpr-sticky-section-no wpr-equal-height-no e-con e-parent\" data-eae-slider=\"72133\" data-id=\"cdc9c7c\" data-element_type=\"container\" data-e-type=\"container\">\n\t\t\t\t<div class=\"elementor-element elementor-element-d75b341 elementor-widget__width-initial elementor-widget elementor-widget-image\" data-id=\"d75b341\" data-element_type=\"widget\" data-e-type=\"widget\" data-widget_type=\"image.default\">\n\t\t\t\t<div class=\"elementor-widget-container\">\n\t\t\t\t\t\t\t\t\t\t\t\t\t\t\t<img fetchpriority=\"high\" decoding=\"async\" width=\"520\" height=\"720\" src=\"https:\/\/divulga.unila.edu.br\/interclinica\/wp-content\/uploads\/sites\/39\/2024\/05\/Publicacion-La-persona-autista.jpeg\" class=\"attachment-large size-large wp-image-1353\" alt=\"\" srcset=\"https:\/\/divulga.unila.edu.br\/interclinica\/wp-content\/uploads\/sites\/39\/2024\/05\/Publicacion-La-persona-autista.jpeg 520w, https:\/\/divulga.unila.edu.br\/interclinica\/wp-content\/uploads\/sites\/39\/2024\/05\/Publicacion-La-persona-autista-217x300.jpeg 217w, https:\/\/divulga.unila.edu.br\/interclinica\/wp-content\/uploads\/sites\/39\/2024\/05\/Publicacion-La-persona-autista-205x284.jpeg 205w, https:\/\/divulga.unila.edu.br\/interclinica\/wp-content\/uploads\/sites\/39\/2024\/05\/Publicacion-La-persona-autista-480x665.jpeg 480w\" sizes=\"(max-width: 520px) 100vw, 520px\" \/>\t\t\t\t\t\t\t\t\t\t\t\t\t\t\t<\/div>\n\t\t\t\t<\/div>\n\t\t\t\t<\/div>\n\t\t<div class=\"has_eae_slider elementor-element elementor-element-5073833 e-flex e-con-boxed wpr-particle-no wpr-jarallax-no wpr-parallax-no wpr-sticky-section-no wpr-equal-height-no e-con e-parent\" data-eae-slider=\"80012\" data-id=\"5073833\" data-element_type=\"container\" data-e-type=\"container\">\n\t\t\t\t\t<div class=\"e-con-inner\">\n\t\t\t\t<div class=\"elementor-element elementor-element-2138805 elementor-drop-cap-yes elementor-drop-cap-view-default elementor-widget elementor-widget-text-editor\" data-id=\"2138805\" data-element_type=\"widget\" data-e-type=\"widget\" data-settings=\"{&quot;drop_cap&quot;:&quot;yes&quot;}\" data-widget_type=\"text-editor.default\">\n\t\t\t\t<div class=\"elementor-widget-container\">\n\t\t\t\t\t\t\t\t\t<p style=\"text-align: justify\"><span style=\"font-weight: 400\">O autismo \u00e9 uma categoria diagn\u00f3stica aplic\u00e1vel apenas \u00e0s pessoas ocidentais ou est\u00e1 presente em todas as culturas? Quais s\u00e3o as concep\u00e7\u00f5es que grupos ind\u00edgenas, por exemplo, t\u00eam sobre o autismo? \u00c9 poss\u00edvel um di\u00e1logo intercultural sobre o autismo em que a vis\u00e3o biom\u00e9dica ocidental ent\u00e3o hegem\u00f4nica n\u00e3o se imponha a outras compreens\u00f5es? Como a cultura influencia o desenvolvimento das fun\u00e7\u00f5es psicol\u00f3gicas superiores tais como a mem\u00f3ria, a linguagem, a percep\u00e7\u00e3o, a aten\u00e7\u00e3o?\u00a0<\/span><span style=\"font-family: var( --e-global-typography-text-font-family ), Sans-serif;font-size: 1rem\">A neuropsicologia tem considerado de forma suficientemente adequada a vari\u00e1vel cultural, sobretudo, no que diz respeito \u00e0 diferen\u00e7a entre grupos sociais sem hierarquiza\u00e7\u00f5es e\/ou patologiza\u00e7\u00f5es?<\/span><span style=\"font-family: var( --e-global-typography-text-font-family ), Sans-serif;font-size: 1rem\">\u00a0<\/span><span style=\"font-family: var( --e-global-typography-text-font-family ), Sans-serif;font-size: 1rem\">Os processos de reabilita\u00e7\u00e3o neuropsicol\u00f3gica devem ser os mesmos para todos independente das diferen\u00e7as culturais? \u00c9 poss\u00edvel ou mesmo desej\u00e1vel um pluralismo terap\u00eautico?<\/span><\/p><p style=\"text-align: justify\">N\u00e3o se pretende responder a nenhuma dessas quest\u00f5es aqui; quer-se antes com elas revelar o qu\u00e3o prof\u00edcuo pode ser pensar os ditos transtornos do neurodesenvolvimento a partir de culturas e epistemologias n\u00e3o ocidentais ou pouco ocidentalizadas. O instigante \u00e9 manter as quest\u00f5es a um cont\u00ednuo debate pelo qual \u00e9 poss\u00edvel fazer emergir di\u00e1logos frut\u00edferos e desdobramentos fecundos. Essa parece ser uma das principais raz\u00f5es para indicar a leitura do livro \u201cA pessoa autista: uma an\u00e1lise dos princ\u00edpios andinos da reciprocidade e da complementaridade\u201d de Catalina L\u00f3pez Ch\u00e1vez. Nele a autora busca compreender os modos pelos quais as comunidades ind\u00edgenas andinas produzem sentidos e significados em torno da pessoa autista. Em lugar de simplesmente assumir que os conhecimentos ind\u00edgenas s\u00e3o insuficientes para lidar com o autismo, como ami\u00fade se faz, a autora realiza um fecundo e promissor di\u00e1logo entre as vis\u00f5es ind\u00edgenas sobre o autismo e os modelos explicativos ocidentais. Seu paradigma \u00e9 o da neurodiversidade como forma de evitar cair em binarismo excludentes como o do normal e do patol\u00f3gico.<\/p><p style=\"text-align: justify\"><span style=\"font-weight: 400\">O trabalho conduzido pela autora para tratar crian\u00e7as ind\u00edgenas com autismo est\u00e1 diretamente ligado ao contato com a natureza, n\u00e3o apenas porque a natureza promove a integra\u00e7\u00e3o sensorial, mas, sobretudo, porque, na cosmovis\u00e3o andina, ela representa a m\u00e3e-terra, Pachamama. A civiliza\u00e7\u00e3o andina \u00e9 essencialmente relacional e, se, como sugerem os diagn\u00f3sticos contempor\u00e2neos do transtorno do espectro autista desde Leo Kanner, o autismo implica um d\u00e9ficit relacional (sic), perceber a rela\u00e7\u00e3o das crian\u00e7as autistas com a natureza torna, no m\u00ednimo, problem\u00e1tica essa suposi\u00e7\u00e3o. Em sociedades antropoc\u00eantricas como as ocidentais, h\u00e1 uma suposi\u00e7\u00e3o de que seres humanos estabelecem v\u00ednculos apenas com outros seres humanos. Por outro lado, em v\u00e1rias cosmovis\u00f5es ind\u00edgenas, os seres humanos n\u00e3o se vinculam apenas a outros seres humanos, mas igualmente ao mundo n\u00e3o-humano que, para eles, tamb\u00e9m s\u00e3o humanos no sentido de serem dotados daquilo que os ocidentais v\u00eaem como exclusivo da humanidade.<\/span><\/p><p style=\"text-align: justify\"><span style=\"font-weight: 400\">Na perspectiva andina, segundo a autora, o autismo \u00e9 resultado de um desequil\u00edbrio cosmog\u00f4nico por conta da destrui\u00e7\u00e3o da m\u00e3e natureza e, de modo simult\u00e2neo, um presente dos c\u00e9us como express\u00e3o da diversidade pr\u00f3pria ao ser humano e, por isso, devem ser tratados com compreens\u00e3o e considera\u00e7\u00e3o. Por essa raz\u00e3o, eu diria, o tratamento do autismo envolve um cuidado com a natureza, pois tudo est\u00e1 relacionado. Quando cuidamos da natureza, estamos cuidando dos seres humanos porque um est\u00e1 diretamente conectado ao outro. A no\u00e7\u00e3o andina de vincularidad expressa a rela\u00e7\u00e3o que os seres humanos mant\u00eam com seu territ\u00f3rio e com a natureza. Nas comunidades, as intera\u00e7\u00f5es se d\u00e3o a partir do dar, do receber e do devolver. Quando a natureza me d\u00e1 algo como o alimento, eu recebo e lhe devolvo algo como, por exemplo, um ato de cuidado para que ela se regenere e flores\u00e7a. Por isso, as crian\u00e7as s\u00e3o, desde muito cedo, incentivadas a desenvolver um \u201ceu-comunit\u00e1rio\u201d.<\/span><\/p><p style=\"text-align: justify\"><span style=\"font-weight: 400\">Em uma entrevista, Catalina Ch\u00e1vez chega mesmo a se perguntar, de forma provocadora, se o transtorno de d\u00e9ficit de aten\u00e7\u00e3o e hiperatividade existe ou se o que as crian\u00e7as ditas hiperativas t\u00eam<\/span> <span style=\"font-weight: 400\">\u00e9<\/span> <span style=\"font-weight: 400\">um \u201ctranstorno d\u00e9ficit de contato com a natureza\u201d. Muito se especula sobre as causas do autismo e dos transtornos do neurodesenvolvimento. A oposi\u00e7\u00e3o entre organog\u00eanese e psicog\u00eanese parece j\u00e1 superada e \u00e9 mais comum admitir que os transtornos do neurodesenvolvimento s\u00e3o resultado da intera\u00e7\u00e3o entre biologia e ambiente. A vis\u00e3o andina agrega um elemento a mais, a espiritualidade. A espiritualidade tem a ver com o que Sigmund Freud descreveu como o \u201csentimento oce\u00e2nico\u201d. O avan\u00e7o t\u00e9cnico e a instrumentaliza\u00e7\u00e3o da natureza permitem cada vez menos \u00e0s pessoas ocidentais o sentimento de conex\u00e3o oce\u00e2nica com o cosmos. E nisso est\u00e1 um d\u00e9ficit de relacionalidade dos ocidentais. Ora, e se us\u00e1ssemos essa \u201cmedida ind\u00edgena\u201d como medida para diagnosticar o autismo, n\u00e3o ter\u00edamos um aumento na contabilidade de casos entre os ocidentais? Se us\u00e1ssemos o d\u00e9ficit relacional com a natureza como crit\u00e9rio, certamente o leitor deste texto seria considerado autista caso n\u00e3o o seja. Por mais que a ci\u00eancia se esforce por subtrair a dimens\u00e3o da conting\u00eancia para supostamente ver o universal, \u00e9 o movimento oposto que parece mais razo\u00e1vel, isto \u00e9, o que \u00e9 necessariamente universal \u00e9 a conting\u00eancia.<\/span><\/p><p style=\"text-align: right\">Por Marcos de Jesus Oliveira (28.05.24)<\/p>\t\t\t\t\t\t\t\t<\/div>\n\t\t\t\t<\/div>\n\t\t\t\t\t<\/div>\n\t\t\t\t<\/div>\n\t\t\t\t<\/div>\n\t\t<a class=\"synved-social-button synved-social-button-follow synved-social-size-48 synved-social-resolution-single synved-social-provider-facebook nolightbox\" data-provider=\"facebook\" target=\"_blank\" rel=\"nofollow\" title=\"Follow us on Facebook\" href=\"https:\/\/www.facebook.com\/facebook\" style=\"font-size: 0px;width:48px;height:48px;margin:0;margin-bottom:5px;margin-right:5px\"><img decoding=\"async\" alt=\"Facebook\" title=\"Follow us on Facebook\" class=\"synved-share-image synved-social-image synved-social-image-follow\" width=\"48\" height=\"48\" style=\"display: inline;width:48px;height:48px;margin: 0;padding: 0;border: none;box-shadow: none\" src=\"https:\/\/divulga.unila.edu.br\/interclinica\/wp-content\/plugins\/social-media-feather\/synved-social\/image\/social\/regular\/96x96\/facebook.png\" \/><\/a><a class=\"synved-social-button synved-social-button-follow synved-social-size-48 synved-social-resolution-single synved-social-provider-twitter nolightbox\" data-provider=\"twitter\" target=\"_blank\" rel=\"nofollow\" title=\"Follow us on Twitter\" href=\"https:\/\/twitter.com\/twitter\" style=\"font-size: 0px;width:48px;height:48px;margin:0;margin-bottom:5px;margin-right:5px\"><img decoding=\"async\" alt=\"twitter\" title=\"Follow us on Twitter\" class=\"synved-share-image synved-social-image synved-social-image-follow\" width=\"48\" height=\"48\" style=\"display: inline;width:48px;height:48px;margin: 0;padding: 0;border: none;box-shadow: none\" src=\"https:\/\/divulga.unila.edu.br\/interclinica\/wp-content\/plugins\/social-media-feather\/synved-social\/image\/social\/regular\/96x96\/twitter.png\" \/><\/a><a class=\"synved-social-button synved-social-button-follow synved-social-size-48 synved-social-resolution-single synved-social-provider-linkedin nolightbox\" data-provider=\"linkedin\" target=\"_blank\" rel=\"nofollow\" title=\"Find us on Linkedin\" href=\"https:\/\/www.linkedin.com\/in\/yourid\" style=\"font-size: 0px;width:48px;height:48px;margin:0;margin-bottom:5px;margin-right:5px\"><img loading=\"lazy\" decoding=\"async\" alt=\"linkedin\" title=\"Find us on Linkedin\" class=\"synved-share-image synved-social-image synved-social-image-follow\" width=\"48\" height=\"48\" style=\"display: inline;width:48px;height:48px;margin: 0;padding: 0;border: none;box-shadow: none\" src=\"https:\/\/divulga.unila.edu.br\/interclinica\/wp-content\/plugins\/social-media-feather\/synved-social\/image\/social\/regular\/96x96\/linkedin.png\" \/><\/a><a class=\"synved-social-button synved-social-button-follow synved-social-size-48 synved-social-resolution-single synved-social-provider-instagram nolightbox\" data-provider=\"instagram\" target=\"_blank\" rel=\"nofollow\" title=\"Check out our instagram feed\" href=\"https:\/\/instagram.com\/myusername\" style=\"font-size: 0px;width:48px;height:48px;margin:0;margin-bottom:5px;margin-right:5px\"><img loading=\"lazy\" decoding=\"async\" alt=\"instagram\" title=\"Check out our instagram feed\" class=\"synved-share-image synved-social-image synved-social-image-follow\" width=\"48\" height=\"48\" style=\"display: inline;width:48px;height:48px;margin: 0;padding: 0;border: none;box-shadow: none\" src=\"https:\/\/divulga.unila.edu.br\/interclinica\/wp-content\/plugins\/social-media-feather\/synved-social\/image\/social\/regular\/96x96\/instagram.png\" \/><\/a><a class=\"synved-social-button synved-social-button-follow synved-social-size-48 synved-social-resolution-single synved-social-provider-flickr nolightbox\" data-provider=\"flickr\" target=\"_blank\" rel=\"nofollow\" title=\"Check out our flickr feed\" href=\"https:\/\/www.flickr.com\/photos\/myusername\/\" style=\"font-size: 0px;width:48px;height:48px;margin:0;margin-bottom:5px;margin-right:5px\"><img loading=\"lazy\" decoding=\"async\" alt=\"flickr\" title=\"Check out our flickr feed\" class=\"synved-share-image synved-social-image synved-social-image-follow\" width=\"48\" height=\"48\" style=\"display: inline;width:48px;height:48px;margin: 0;padding: 0;border: none;box-shadow: none\" src=\"https:\/\/divulga.unila.edu.br\/interclinica\/wp-content\/plugins\/social-media-feather\/synved-social\/image\/social\/regular\/96x96\/flickr.png\" \/><\/a><a class=\"synved-social-button synved-social-button-follow synved-social-size-48 synved-social-resolution-single synved-social-provider-foursquare nolightbox\" data-provider=\"foursquare\" target=\"_blank\" rel=\"nofollow\" title=\"Check out our foursquare feed\" href=\"https:\/\/foursquare.com\/myusername\" style=\"font-size: 0px;width:48px;height:48px;margin:0;margin-bottom:5px;margin-right:5px\"><img loading=\"lazy\" decoding=\"async\" alt=\"foursquare\" title=\"Check out our foursquare feed\" class=\"synved-share-image synved-social-image synved-social-image-follow\" width=\"48\" height=\"48\" style=\"display: inline;width:48px;height:48px;margin: 0;padding: 0;border: none;box-shadow: none\" src=\"https:\/\/divulga.unila.edu.br\/interclinica\/wp-content\/plugins\/social-media-feather\/synved-social\/image\/social\/regular\/96x96\/foursquare.png\" \/><\/a><a class=\"synved-social-button synved-social-button-follow synved-social-size-48 synved-social-resolution-single synved-social-provider-mail nolightbox\" data-provider=\"mail\" rel=\"nofollow\" title=\"Contact Us\" href=\"mailto:mail@example.com?subject=Contact%20Request\" style=\"font-size: 0px;width:48px;height:48px;margin:0;margin-bottom:5px\"><img loading=\"lazy\" decoding=\"async\" alt=\"mail\" title=\"Contact Us\" class=\"synved-share-image synved-social-image synved-social-image-follow\" width=\"48\" height=\"48\" style=\"display: inline;width:48px;height:48px;margin: 0;padding: 0;border: none;box-shadow: none\" src=\"https:\/\/divulga.unila.edu.br\/interclinica\/wp-content\/plugins\/social-media-feather\/synved-social\/image\/social\/regular\/96x96\/mail.png\" \/><\/a>","protected":false},"excerpt":{"rendered":"<p>\/*! elementor &#8211; v3.21.0 &#8211; 26-05-2024 *\/ .elementor-widget-image{text-align:center}.elementor-widget-image a{display:inline-block}.elementor-widget-image a img[src$=&#8221;.svg&#8221;]{width:48px}.elementor-widget-image img{vertical-align:middle;display:inline-block} O autismo \u00e9 uma categoria diagn\u00f3stica aplic\u00e1vel apenas \u00e0s pessoas ocidentais ou est\u00e1 presente em todas as culturas? Quais s\u00e3o as concep\u00e7\u00f5es que grupos ind\u00edgenas, por exemplo, t\u00eam sobre o autismo? \u00c9 poss\u00edvel um di\u00e1logo intercultural sobre o autismo em que a vis\u00e3o biom\u00e9dica ocidental ent\u00e3o hegem\u00f4nica n\u00e3o se imponha a outras compreens\u00f5es? Como a cultura influencia o desenvolvimento das fun\u00e7\u00f5es psicol\u00f3gicas superiores tais como a mem\u00f3ria, a linguagem, a percep\u00e7\u00e3o, a aten\u00e7\u00e3o?\u00a0A neuropsicologia tem considerado de forma suficientemente adequada a vari\u00e1vel cultural, sobretudo, no que diz respeito \u00e0 diferen\u00e7a entre grupos sociais sem hierarquiza\u00e7\u00f5es e\/ou patologiza\u00e7\u00f5es?\u00a0Os processos de reabilita\u00e7\u00e3o neuropsicol\u00f3gica devem ser os mesmos para todos independente das diferen\u00e7as culturais? \u00c9 poss\u00edvel ou mesmo desej\u00e1vel um pluralismo terap\u00eautico? N\u00e3o se pretende responder a nenhuma dessas quest\u00f5es aqui; quer-se antes com elas revelar o qu\u00e3o prof\u00edcuo pode ser pensar os ditos transtornos do neurodesenvolvimento a partir de culturas e epistemologias n\u00e3o ocidentais ou pouco ocidentalizadas. O instigante \u00e9 manter as quest\u00f5es a um cont\u00ednuo debate pelo qual \u00e9 poss\u00edvel fazer emergir di\u00e1logos frut\u00edferos e desdobramentos fecundos. Essa parece ser uma das principais raz\u00f5es para indicar a leitura do livro \u201cA pessoa autista: uma an\u00e1lise dos princ\u00edpios andinos da reciprocidade e da complementaridade\u201d de Catalina L\u00f3pez Ch\u00e1vez. Nele a autora busca compreender os modos pelos quais as comunidades ind\u00edgenas andinas produzem sentidos e significados em torno da pessoa autista. Em lugar de simplesmente assumir que os conhecimentos ind\u00edgenas s\u00e3o insuficientes para lidar com o autismo, como ami\u00fade se faz, a autora realiza um fecundo e promissor di\u00e1logo entre as vis\u00f5es ind\u00edgenas sobre o autismo e os modelos explicativos ocidentais. Seu paradigma \u00e9 o da neurodiversidade como forma de evitar cair em binarismo excludentes como o do normal e do patol\u00f3gico. O trabalho conduzido pela autora para tratar crian\u00e7as ind\u00edgenas com autismo est\u00e1 diretamente ligado ao contato com a natureza, n\u00e3o apenas porque a natureza promove a integra\u00e7\u00e3o sensorial, mas, sobretudo, porque, na cosmovis\u00e3o andina, ela representa a m\u00e3e-terra, Pachamama. A civiliza\u00e7\u00e3o andina \u00e9 essencialmente relacional e, se, como sugerem os diagn\u00f3sticos contempor\u00e2neos do transtorno do espectro autista desde Leo Kanner, o autismo implica um d\u00e9ficit relacional (sic), perceber a rela\u00e7\u00e3o das crian\u00e7as autistas com a natureza torna, no m\u00ednimo, problem\u00e1tica essa suposi\u00e7\u00e3o. Em sociedades antropoc\u00eantricas como as ocidentais, h\u00e1 uma suposi\u00e7\u00e3o de que seres humanos estabelecem v\u00ednculos apenas com outros seres humanos. Por outro lado, em v\u00e1rias cosmovis\u00f5es ind\u00edgenas, os seres humanos n\u00e3o se vinculam apenas a outros seres humanos, mas igualmente ao mundo n\u00e3o-humano que, para eles, tamb\u00e9m s\u00e3o humanos no sentido de serem dotados daquilo que os ocidentais v\u00eaem como exclusivo da humanidade. Na perspectiva andina, segundo a autora, o autismo \u00e9 resultado de um desequil\u00edbrio cosmog\u00f4nico por conta da destrui\u00e7\u00e3o da m\u00e3e natureza e, de modo simult\u00e2neo, um presente dos c\u00e9us como express\u00e3o da diversidade pr\u00f3pria ao ser humano e, por isso, devem ser tratados com compreens\u00e3o e considera\u00e7\u00e3o. Por essa raz\u00e3o, eu diria, o tratamento do autismo envolve um cuidado com a natureza, pois tudo est\u00e1 relacionado. Quando cuidamos da natureza, estamos cuidando dos seres humanos porque um est\u00e1 diretamente conectado ao outro. A no\u00e7\u00e3o andina de vincularidad expressa a rela\u00e7\u00e3o que os seres humanos mant\u00eam com seu territ\u00f3rio e com a natureza. Nas comunidades, as intera\u00e7\u00f5es se d\u00e3o a partir do dar, do receber e do devolver. Quando a natureza me d\u00e1 algo como o alimento, eu recebo e lhe devolvo algo como, por exemplo, um ato de cuidado para que ela se regenere e flores\u00e7a. Por isso, as crian\u00e7as s\u00e3o, desde muito cedo, incentivadas a desenvolver um \u201ceu-comunit\u00e1rio\u201d. Em uma entrevista, Catalina Ch\u00e1vez chega mesmo a se perguntar, de forma provocadora, se o transtorno de d\u00e9ficit de aten\u00e7\u00e3o e hiperatividade existe ou se o que as crian\u00e7as ditas hiperativas t\u00eam \u00e9 um \u201ctranstorno d\u00e9ficit de contato com a natureza\u201d. Muito se especula sobre as causas do autismo e dos transtornos do neurodesenvolvimento. A oposi\u00e7\u00e3o entre organog\u00eanese e psicog\u00eanese parece j\u00e1 superada e \u00e9 mais comum admitir que os transtornos do neurodesenvolvimento s\u00e3o resultado da intera\u00e7\u00e3o entre biologia e ambiente. A vis\u00e3o andina agrega um elemento a mais, a espiritualidade. A espiritualidade tem a ver com o que Sigmund Freud descreveu como o \u201csentimento oce\u00e2nico\u201d. O avan\u00e7o t\u00e9cnico e a instrumentaliza\u00e7\u00e3o da natureza permitem cada vez menos \u00e0s pessoas ocidentais o sentimento de conex\u00e3o oce\u00e2nica com o cosmos. E nisso est\u00e1 um d\u00e9ficit de relacionalidade dos ocidentais. Ora, e se us\u00e1ssemos essa \u201cmedida ind\u00edgena\u201d como medida para diagnosticar o autismo, n\u00e3o ter\u00edamos um aumento na contabilidade de casos entre os ocidentais? Se us\u00e1ssemos o d\u00e9ficit relacional com a natureza como crit\u00e9rio, certamente o leitor deste texto seria considerado autista caso n\u00e3o o seja. Por mais que a ci\u00eancia se esforce por subtrair a dimens\u00e3o da conting\u00eancia para supostamente ver o universal, \u00e9 o movimento oposto que parece mais razo\u00e1vel, isto \u00e9, o que \u00e9 necessariamente universal \u00e9 a conting\u00eancia. Por Marcos de Jesus Oliveira (28.05.24)<\/p>\n","protected":false},"author":90,"featured_media":0,"comment_status":"open","ping_status":"open","sticky":false,"template":"","format":"standard","meta":{"_uag_custom_page_level_css":"","_themeisle_gutenberg_block_has_review":false,"footnotes":""},"categories":[1],"tags":[],"class_list":["post-1347","post","type-post","status-publish","format-standard","hentry","category-sem-categoria"],"uagb_featured_image_src":{"full":false,"thumbnail":false,"medium":false,"medium_large":false,"large":false,"1536x1536":false,"2048x2048":false,"htmega_size_585x295":false,"htmega_size_1170x536":false,"htmega_size_396x360":false,"tainacan-small":false,"tainacan-medium":false,"tainacan-medium-full":false,"tainacan-large-full":false,"button-2-featured":false},"uagb_author_info":{"display_name":"marcos.jesus","author_link":"https:\/\/divulga.unila.edu.br\/interclinica\/author\/interclinica\/"},"uagb_comment_info":1,"uagb_excerpt":"\/*! elementor &#8211; v3.21.0 &#8211; 26-05-2024 *\/ .elementor-widget-image{text-align:center}.elementor-widget-image a{display:inline-block}.elementor-widget-image a img[src$=&#8221;.svg&#8221;]{width:48px}.elementor-widget-image img{vertical-align:middle;display:inline-block} O autismo \u00e9 uma categoria diagn\u00f3stica aplic\u00e1vel apenas \u00e0s pessoas ocidentais ou est\u00e1 presente em todas as culturas? Quais s\u00e3o as concep\u00e7\u00f5es que grupos ind\u00edgenas, por exemplo, t\u00eam sobre o autismo? \u00c9 poss\u00edvel um di\u00e1logo intercultural sobre o autismo em que a vis\u00e3o&hellip;","_links":{"self":[{"href":"https:\/\/divulga.unila.edu.br\/interclinica\/wp-json\/wp\/v2\/posts\/1347","targetHints":{"allow":["GET"]}}],"collection":[{"href":"https:\/\/divulga.unila.edu.br\/interclinica\/wp-json\/wp\/v2\/posts"}],"about":[{"href":"https:\/\/divulga.unila.edu.br\/interclinica\/wp-json\/wp\/v2\/types\/post"}],"author":[{"embeddable":true,"href":"https:\/\/divulga.unila.edu.br\/interclinica\/wp-json\/wp\/v2\/users\/90"}],"replies":[{"embeddable":true,"href":"https:\/\/divulga.unila.edu.br\/interclinica\/wp-json\/wp\/v2\/comments?post=1347"}],"version-history":[{"count":15,"href":"https:\/\/divulga.unila.edu.br\/interclinica\/wp-json\/wp\/v2\/posts\/1347\/revisions"}],"predecessor-version":[{"id":2042,"href":"https:\/\/divulga.unila.edu.br\/interclinica\/wp-json\/wp\/v2\/posts\/1347\/revisions\/2042"}],"wp:attachment":[{"href":"https:\/\/divulga.unila.edu.br\/interclinica\/wp-json\/wp\/v2\/media?parent=1347"}],"wp:term":[{"taxonomy":"category","embeddable":true,"href":"https:\/\/divulga.unila.edu.br\/interclinica\/wp-json\/wp\/v2\/categories?post=1347"},{"taxonomy":"post_tag","embeddable":true,"href":"https:\/\/divulga.unila.edu.br\/interclinica\/wp-json\/wp\/v2\/tags?post=1347"}],"curies":[{"name":"wp","href":"https:\/\/api.w.org\/{rel}","templated":true}]}}