{"id":1109,"date":"2024-05-26T10:21:05","date_gmt":"2024-05-26T13:21:05","guid":{"rendered":"https:\/\/divulga.unila.edu.br\/interclinica\/?p=1109"},"modified":"2024-05-26T10:29:04","modified_gmt":"2024-05-26T13:29:04","slug":"elementor-1109","status":"publish","type":"post","link":"https:\/\/divulga.unila.edu.br\/interclinica\/2024\/05\/26\/elementor-1109\/","title":{"rendered":"A terapia cultural psico-historiogr\u00e1fica de Frederick W. Hickling"},"content":{"rendered":"\t\t<div data-elementor-type=\"wp-post\" data-elementor-id=\"1109\" class=\"elementor elementor-1109\">\n\t\t\t\t<div class=\"has_eae_slider elementor-element elementor-element-d2e1998 e-flex e-con-boxed wpr-particle-no wpr-jarallax-no wpr-parallax-no wpr-sticky-section-no wpr-equal-height-no e-con e-parent\" data-eae-slider=\"36054\" data-id=\"d2e1998\" data-element_type=\"container\" data-e-type=\"container\">\n\t\t\t\t\t<div class=\"e-con-inner\">\n\t\t\t\t<div class=\"elementor-element elementor-element-06792af elementor-widget elementor-widget-image\" data-id=\"06792af\" data-element_type=\"widget\" data-e-type=\"widget\" data-widget_type=\"image.default\">\n\t\t\t\t<div class=\"elementor-widget-container\">\n\t\t\t\t\t\t\t\t\t\t\t\t\t\t\t<img fetchpriority=\"high\" decoding=\"async\" width=\"316\" height=\"446\" src=\"https:\/\/divulga.unila.edu.br\/interclinica\/wp-content\/uploads\/sites\/39\/2024\/05\/Decolonization-of-psychiatry-in-Jamaica-1.jpeg\" class=\"attachment-large size-large wp-image-1116\" alt=\"\" srcset=\"https:\/\/divulga.unila.edu.br\/interclinica\/wp-content\/uploads\/sites\/39\/2024\/05\/Decolonization-of-psychiatry-in-Jamaica-1.jpeg 316w, https:\/\/divulga.unila.edu.br\/interclinica\/wp-content\/uploads\/sites\/39\/2024\/05\/Decolonization-of-psychiatry-in-Jamaica-1-213x300.jpeg 213w, https:\/\/divulga.unila.edu.br\/interclinica\/wp-content\/uploads\/sites\/39\/2024\/05\/Decolonization-of-psychiatry-in-Jamaica-1-205x289.jpeg 205w\" sizes=\"(max-width: 316px) 100vw, 316px\" \/>\t\t\t\t\t\t\t\t\t\t\t\t\t\t\t<\/div>\n\t\t\t\t<\/div>\n\t\t\t\t<div class=\"elementor-element elementor-element-e1aa719 elementor-drop-cap-yes elementor-drop-cap-view-default elementor-widget elementor-widget-text-editor\" data-id=\"e1aa719\" data-element_type=\"widget\" data-e-type=\"widget\" data-settings=\"{&quot;drop_cap&quot;:&quot;yes&quot;}\" data-widget_type=\"text-editor.default\">\n\t\t\t\t<div class=\"elementor-widget-container\">\n\t\t\t\t\t\t\t\t\t<p style=\"text-align: justify\"><span style=\"font-weight: 400\">\u201cA descoloniza\u00e7\u00e3o da psiquiatria na Jamaica\u201d do m\u00e9dico psiquiatra jamaicano Frederick W. Hickling detalha como a utiliza\u00e7\u00e3o da terapia cultural psico-historiogr\u00e1fica tornou poss\u00edvel desinstitucionalizar pessoas com sofrimento mental grave cujo confinamento psiqui\u00e1trico ainda hoje \u00e9 a express\u00e3o de s\u00e9culos de opress\u00e3o resultante da \u201cmiss\u00e3o civilizat\u00f3ria\u201d europeia e de sua ci\u00eancia iniciada em 1492 com a invas\u00e3o da Am\u00e9rica. A experi\u00eancia de realizar s\u00f3cio-drama e escrever poesias sobre o processo de coloniza\u00e7\u00e3o por parte daqueles sobre quem pesa o estigma da loucura revelam a import\u00e2ncia que a recupera\u00e7\u00e3o da hist\u00f3ria tem ou pode ter na produ\u00e7\u00e3o da sa\u00fade mental no contexto das sociedades p\u00f3s-coloniais quando transformada em produ\u00e7\u00e3o art\u00edstica, um momento expressivo de apropria\u00e7\u00e3o coletiva e singular. Na obra, psiquiatria, psicologia, hist\u00f3ria, etnologia e arte se unem em busca de referenciais capazes de gerar outras modalidades de la\u00e7os sociais cuja teleologia n\u00e3o passe pela hierarquiza\u00e7\u00e3o da humanidade, mas pelo reconhecimento de humanos (e n\u00e3o-humanos) plurais e diversos.\u00a0<\/span><\/p><p style=\"text-align: justify\"><span style=\"font-weight: 400\">Hoje mais do que nunca precisamos de uma terapia cultural psico-historiogr\u00e1fica, n\u00e3o apenas porque ainda vivemos num mundo marcado por aquilo que An\u00edbal Quijano designou como colonialidade, mas tamb\u00e9m porque o contempor\u00e2neo insta o sujeito a denegar seus rastros hist\u00f3ricos. Para diz\u00ea-lo de outro modo, o individualismo como uma ideologia pr\u00f3pria \u00e0 l\u00f3gica de vida imposta pela burguesia instituiu o mito do \u201cself-made man\u201d, do sujeito empreendedor de si.\u00a0 Nessa sociedade, a maioria se torna uma esp\u00e9cie de Robinson Cruso\u00e9 no sentido de ter que criar para si a ilus\u00e3o de que deve construir sua pr\u00f3pria vida como se essa n\u00e3o estivesse em rela\u00e7\u00e3o de interdepend\u00eancia \u00e0s demais, e que o sucesso ou o fracasso depende exclusivamente de escolhas individuais. Muitas culturas de povos afro-diasp\u00f3ricas insistem na import\u00e2ncia da ancestralidade e isso \u00e9, sem d\u00favida alguma, uma forma de resist\u00eancia em rela\u00e7\u00e3o \u00e0 tentativa de apagamento da coletividade como suporte necess\u00e1rio para um ser\/estar no mundo digno. A ideia de ancestralidade lembra que somos sujeitos em falta, de que h\u00e1 uma d\u00edvida simb\u00f3lica de uma gera\u00e7\u00e3o em rela\u00e7\u00e3o a outra que n\u00e3o se paga, produzindo um elo de liga\u00e7\u00e3o e de sentido para al\u00e9m do aqui\/agora.<\/span><\/p><p style=\"text-align: justify\"><span style=\"font-weight: 400\">No semin\u00e1rio 17, intitulado \u201cO avesso da psican\u00e1lise\u201d, Jacques Lacan conta, bastante surpreso, sua experi\u00eancia de an\u00e1lise com tr\u00eas jovens de Togo. Sua surpresa estava relacionada ao fato de que, apesar dos jovens terem vivido sua inf\u00e2ncia em seu pa\u00eds de origem, o inconsciente deles pareciam funcionar segundo a l\u00f3gica do \u00c9dipo europeu. Suas lembran\u00e7as de inf\u00e2ncia n\u00e3o traziam as cren\u00e7as e valores de sua cultura, pois pareciam encobertas pela l\u00f3gica familialista imposta pelo imperialismo franc\u00eas. Quando narravam as experi\u00eancias\u00a0 de seu grupo social de origem, o faziam como um etn\u00f3grafo, de forma objetiva e distante, sem o investimento libidinal que ami\u00fade acompanham as narrativas da inf\u00e2ncia. Seus inconscientes estavam edipianizados, colonizados pelo discurso do mestre, imposto a ferro e fogo, como s\u00f3i acontecer no colonialismo. A terapia cultural psico-historiogr\u00e1fica de Frederick W. Hickling teria um papel muito interessante a desempenhar nesse contexto, j\u00e1 que favorece a apropria\u00e7\u00e3o de suas hist\u00f3rias n\u00e3o como no relato jornal\u00edstico ou antropol\u00f3gico, mas pelas modalidades de gozo pr\u00f3prio ao universo simb\u00f3lico em que nasceram e cresceram, operando uma descoloniza\u00e7\u00e3o pela sa\u00edda do cativeiro ed\u00edpico-colonial.<\/span><\/p><p style=\"text-align: right\"><span style=\"font-weight: 400\">Por Marcos de Jesus Oliveira (26.05.2024)<\/span><\/p>\t\t\t\t\t\t\t\t<\/div>\n\t\t\t\t<\/div>\n\t\t\t\t\t<\/div>\n\t\t\t\t<\/div>\n\t\t\t\t<\/div>\n\t\t<a class=\"synved-social-button synved-social-button-follow synved-social-size-48 synved-social-resolution-single synved-social-provider-facebook nolightbox\" data-provider=\"facebook\" target=\"_blank\" rel=\"nofollow\" title=\"Follow us on Facebook\" href=\"https:\/\/www.facebook.com\/facebook\" style=\"font-size: 0px;width:48px;height:48px;margin:0;margin-bottom:5px;margin-right:5px\"><img decoding=\"async\" alt=\"Facebook\" title=\"Follow us on Facebook\" class=\"synved-share-image synved-social-image synved-social-image-follow\" width=\"48\" height=\"48\" style=\"display: inline;width:48px;height:48px;margin: 0;padding: 0;border: none;box-shadow: none\" src=\"https:\/\/divulga.unila.edu.br\/interclinica\/wp-content\/plugins\/social-media-feather\/synved-social\/image\/social\/regular\/96x96\/facebook.png\" \/><\/a><a class=\"synved-social-button synved-social-button-follow synved-social-size-48 synved-social-resolution-single synved-social-provider-twitter nolightbox\" data-provider=\"twitter\" target=\"_blank\" rel=\"nofollow\" title=\"Follow us on Twitter\" href=\"https:\/\/twitter.com\/twitter\" style=\"font-size: 0px;width:48px;height:48px;margin:0;margin-bottom:5px;margin-right:5px\"><img decoding=\"async\" alt=\"twitter\" title=\"Follow us on Twitter\" class=\"synved-share-image synved-social-image synved-social-image-follow\" width=\"48\" height=\"48\" style=\"display: inline;width:48px;height:48px;margin: 0;padding: 0;border: none;box-shadow: none\" src=\"https:\/\/divulga.unila.edu.br\/interclinica\/wp-content\/plugins\/social-media-feather\/synved-social\/image\/social\/regular\/96x96\/twitter.png\" \/><\/a><a class=\"synved-social-button synved-social-button-follow synved-social-size-48 synved-social-resolution-single synved-social-provider-linkedin nolightbox\" data-provider=\"linkedin\" target=\"_blank\" rel=\"nofollow\" title=\"Find us on Linkedin\" href=\"https:\/\/www.linkedin.com\/in\/yourid\" style=\"font-size: 0px;width:48px;height:48px;margin:0;margin-bottom:5px;margin-right:5px\"><img loading=\"lazy\" decoding=\"async\" alt=\"linkedin\" title=\"Find us on Linkedin\" class=\"synved-share-image synved-social-image synved-social-image-follow\" width=\"48\" height=\"48\" style=\"display: inline;width:48px;height:48px;margin: 0;padding: 0;border: none;box-shadow: none\" src=\"https:\/\/divulga.unila.edu.br\/interclinica\/wp-content\/plugins\/social-media-feather\/synved-social\/image\/social\/regular\/96x96\/linkedin.png\" \/><\/a><a class=\"synved-social-button synved-social-button-follow synved-social-size-48 synved-social-resolution-single synved-social-provider-instagram nolightbox\" data-provider=\"instagram\" target=\"_blank\" rel=\"nofollow\" title=\"Check out our instagram feed\" href=\"https:\/\/instagram.com\/myusername\" style=\"font-size: 0px;width:48px;height:48px;margin:0;margin-bottom:5px;margin-right:5px\"><img loading=\"lazy\" decoding=\"async\" alt=\"instagram\" title=\"Check out our instagram feed\" class=\"synved-share-image synved-social-image synved-social-image-follow\" width=\"48\" height=\"48\" style=\"display: inline;width:48px;height:48px;margin: 0;padding: 0;border: none;box-shadow: none\" src=\"https:\/\/divulga.unila.edu.br\/interclinica\/wp-content\/plugins\/social-media-feather\/synved-social\/image\/social\/regular\/96x96\/instagram.png\" \/><\/a><a class=\"synved-social-button synved-social-button-follow synved-social-size-48 synved-social-resolution-single synved-social-provider-flickr nolightbox\" data-provider=\"flickr\" target=\"_blank\" rel=\"nofollow\" title=\"Check out our flickr feed\" href=\"https:\/\/www.flickr.com\/photos\/myusername\/\" style=\"font-size: 0px;width:48px;height:48px;margin:0;margin-bottom:5px;margin-right:5px\"><img loading=\"lazy\" decoding=\"async\" alt=\"flickr\" title=\"Check out our flickr feed\" class=\"synved-share-image synved-social-image synved-social-image-follow\" width=\"48\" height=\"48\" style=\"display: inline;width:48px;height:48px;margin: 0;padding: 0;border: none;box-shadow: none\" src=\"https:\/\/divulga.unila.edu.br\/interclinica\/wp-content\/plugins\/social-media-feather\/synved-social\/image\/social\/regular\/96x96\/flickr.png\" \/><\/a><a class=\"synved-social-button synved-social-button-follow synved-social-size-48 synved-social-resolution-single synved-social-provider-foursquare nolightbox\" data-provider=\"foursquare\" target=\"_blank\" rel=\"nofollow\" title=\"Check out our foursquare feed\" href=\"https:\/\/foursquare.com\/myusername\" style=\"font-size: 0px;width:48px;height:48px;margin:0;margin-bottom:5px;margin-right:5px\"><img loading=\"lazy\" decoding=\"async\" alt=\"foursquare\" title=\"Check out our foursquare feed\" class=\"synved-share-image synved-social-image synved-social-image-follow\" width=\"48\" height=\"48\" style=\"display: inline;width:48px;height:48px;margin: 0;padding: 0;border: none;box-shadow: none\" src=\"https:\/\/divulga.unila.edu.br\/interclinica\/wp-content\/plugins\/social-media-feather\/synved-social\/image\/social\/regular\/96x96\/foursquare.png\" \/><\/a><a class=\"synved-social-button synved-social-button-follow synved-social-size-48 synved-social-resolution-single synved-social-provider-mail nolightbox\" data-provider=\"mail\" rel=\"nofollow\" title=\"Contact Us\" href=\"mailto:mail@example.com?subject=Contact%20Request\" style=\"font-size: 0px;width:48px;height:48px;margin:0;margin-bottom:5px\"><img loading=\"lazy\" decoding=\"async\" alt=\"mail\" title=\"Contact Us\" class=\"synved-share-image synved-social-image synved-social-image-follow\" width=\"48\" height=\"48\" style=\"display: inline;width:48px;height:48px;margin: 0;padding: 0;border: none;box-shadow: none\" src=\"https:\/\/divulga.unila.edu.br\/interclinica\/wp-content\/plugins\/social-media-feather\/synved-social\/image\/social\/regular\/96x96\/mail.png\" \/><\/a>","protected":false},"excerpt":{"rendered":"<p>\/*! elementor &#8211; v3.21.0 &#8211; 22-05-2024 *\/ .elementor-widget-image{text-align:center}.elementor-widget-image a{display:inline-block}.elementor-widget-image a img[src$=&#8221;.svg&#8221;]{width:48px}.elementor-widget-image img{vertical-align:middle;display:inline-block} \u201cA descoloniza\u00e7\u00e3o da psiquiatria na Jamaica\u201d do m\u00e9dico psiquiatra jamaicano Frederick W. Hickling detalha como a utiliza\u00e7\u00e3o da terapia cultural psico-historiogr\u00e1fica tornou poss\u00edvel desinstitucionalizar pessoas com sofrimento mental grave cujo confinamento psiqui\u00e1trico ainda hoje \u00e9 a express\u00e3o de s\u00e9culos de opress\u00e3o resultante da \u201cmiss\u00e3o civilizat\u00f3ria\u201d europeia e de sua ci\u00eancia iniciada em 1492 com a invas\u00e3o da Am\u00e9rica. A experi\u00eancia de realizar s\u00f3cio-drama e escrever poesias sobre o processo de coloniza\u00e7\u00e3o por parte daqueles sobre quem pesa o estigma da loucura revelam a import\u00e2ncia que a recupera\u00e7\u00e3o da hist\u00f3ria tem ou pode ter na produ\u00e7\u00e3o da sa\u00fade mental no contexto das sociedades p\u00f3s-coloniais quando transformada em produ\u00e7\u00e3o art\u00edstica, um momento expressivo de apropria\u00e7\u00e3o coletiva e singular. Na obra, psiquiatria, psicologia, hist\u00f3ria, etnologia e arte se unem em busca de referenciais capazes de gerar outras modalidades de la\u00e7os sociais cuja teleologia n\u00e3o passe pela hierarquiza\u00e7\u00e3o da humanidade, mas pelo reconhecimento de humanos (e n\u00e3o-humanos) plurais e diversos.\u00a0 Hoje mais do que nunca precisamos de uma terapia cultural psico-historiogr\u00e1fica, n\u00e3o apenas porque ainda vivemos num mundo marcado por aquilo que An\u00edbal Quijano designou como colonialidade, mas tamb\u00e9m porque o contempor\u00e2neo insta o sujeito a denegar seus rastros hist\u00f3ricos. Para diz\u00ea-lo de outro modo, o individualismo como uma ideologia pr\u00f3pria \u00e0 l\u00f3gica de vida imposta pela burguesia instituiu o mito do \u201cself-made man\u201d, do sujeito empreendedor de si.\u00a0 Nessa sociedade, a maioria se torna uma esp\u00e9cie de Robinson Cruso\u00e9 no sentido de ter que criar para si a ilus\u00e3o de que deve construir sua pr\u00f3pria vida como se essa n\u00e3o estivesse em rela\u00e7\u00e3o de interdepend\u00eancia \u00e0s demais, e que o sucesso ou o fracasso depende exclusivamente de escolhas individuais. Muitas culturas de povos afro-diasp\u00f3ricas insistem na import\u00e2ncia da ancestralidade e isso \u00e9, sem d\u00favida alguma, uma forma de resist\u00eancia em rela\u00e7\u00e3o \u00e0 tentativa de apagamento da coletividade como suporte necess\u00e1rio para um ser\/estar no mundo digno. A ideia de ancestralidade lembra que somos sujeitos em falta, de que h\u00e1 uma d\u00edvida simb\u00f3lica de uma gera\u00e7\u00e3o em rela\u00e7\u00e3o a outra que n\u00e3o se paga, produzindo um elo de liga\u00e7\u00e3o e de sentido para al\u00e9m do aqui\/agora. No semin\u00e1rio 17, intitulado \u201cO avesso da psican\u00e1lise\u201d, Jacques Lacan conta, bastante surpreso, sua experi\u00eancia de an\u00e1lise com tr\u00eas jovens de Togo. Sua surpresa estava relacionada ao fato de que, apesar dos jovens terem vivido sua inf\u00e2ncia em seu pa\u00eds de origem, o inconsciente deles pareciam funcionar segundo a l\u00f3gica do \u00c9dipo europeu. Suas lembran\u00e7as de inf\u00e2ncia n\u00e3o traziam as cren\u00e7as e valores de sua cultura, pois pareciam encobertas pela l\u00f3gica familialista imposta pelo imperialismo franc\u00eas. Quando narravam as experi\u00eancias\u00a0 de seu grupo social de origem, o faziam como um etn\u00f3grafo, de forma objetiva e distante, sem o investimento libidinal que ami\u00fade acompanham as narrativas da inf\u00e2ncia. Seus inconscientes estavam edipianizados, colonizados pelo discurso do mestre, imposto a ferro e fogo, como s\u00f3i acontecer no colonialismo. A terapia cultural psico-historiogr\u00e1fica de Frederick W. Hickling teria um papel muito interessante a desempenhar nesse contexto, j\u00e1 que favorece a apropria\u00e7\u00e3o de suas hist\u00f3rias n\u00e3o como no relato jornal\u00edstico ou antropol\u00f3gico, mas pelas modalidades de gozo pr\u00f3prio ao universo simb\u00f3lico em que nasceram e cresceram, operando uma descoloniza\u00e7\u00e3o pela sa\u00edda do cativeiro ed\u00edpico-colonial. Por Marcos de Jesus Oliveira (26.05.2024)<\/p>\n","protected":false},"author":90,"featured_media":0,"comment_status":"open","ping_status":"open","sticky":false,"template":"","format":"standard","meta":{"_uag_custom_page_level_css":"","_themeisle_gutenberg_block_has_review":false,"footnotes":""},"categories":[1],"tags":[],"class_list":["post-1109","post","type-post","status-publish","format-standard","hentry","category-sem-categoria"],"uagb_featured_image_src":{"full":false,"thumbnail":false,"medium":false,"medium_large":false,"large":false,"1536x1536":false,"2048x2048":false,"htmega_size_585x295":false,"htmega_size_1170x536":false,"htmega_size_396x360":false,"tainacan-small":false,"tainacan-medium":false,"tainacan-medium-full":false,"tainacan-large-full":false,"button-2-featured":false},"uagb_author_info":{"display_name":"marcos.jesus","author_link":"https:\/\/divulga.unila.edu.br\/interclinica\/author\/interclinica\/"},"uagb_comment_info":0,"uagb_excerpt":"\/*! elementor &#8211; v3.21.0 &#8211; 22-05-2024 *\/ .elementor-widget-image{text-align:center}.elementor-widget-image a{display:inline-block}.elementor-widget-image a img[src$=&#8221;.svg&#8221;]{width:48px}.elementor-widget-image img{vertical-align:middle;display:inline-block} \u201cA descoloniza\u00e7\u00e3o da psiquiatria na Jamaica\u201d do m\u00e9dico psiquiatra jamaicano Frederick W. Hickling detalha como a utiliza\u00e7\u00e3o da terapia cultural psico-historiogr\u00e1fica tornou poss\u00edvel desinstitucionalizar pessoas com sofrimento mental grave cujo confinamento psiqui\u00e1trico ainda hoje \u00e9 a express\u00e3o de s\u00e9culos de opress\u00e3o resultante da&hellip;","_links":{"self":[{"href":"https:\/\/divulga.unila.edu.br\/interclinica\/wp-json\/wp\/v2\/posts\/1109","targetHints":{"allow":["GET"]}}],"collection":[{"href":"https:\/\/divulga.unila.edu.br\/interclinica\/wp-json\/wp\/v2\/posts"}],"about":[{"href":"https:\/\/divulga.unila.edu.br\/interclinica\/wp-json\/wp\/v2\/types\/post"}],"author":[{"embeddable":true,"href":"https:\/\/divulga.unila.edu.br\/interclinica\/wp-json\/wp\/v2\/users\/90"}],"replies":[{"embeddable":true,"href":"https:\/\/divulga.unila.edu.br\/interclinica\/wp-json\/wp\/v2\/comments?post=1109"}],"version-history":[{"count":8,"href":"https:\/\/divulga.unila.edu.br\/interclinica\/wp-json\/wp\/v2\/posts\/1109\/revisions"}],"predecessor-version":[{"id":1132,"href":"https:\/\/divulga.unila.edu.br\/interclinica\/wp-json\/wp\/v2\/posts\/1109\/revisions\/1132"}],"wp:attachment":[{"href":"https:\/\/divulga.unila.edu.br\/interclinica\/wp-json\/wp\/v2\/media?parent=1109"}],"wp:term":[{"taxonomy":"category","embeddable":true,"href":"https:\/\/divulga.unila.edu.br\/interclinica\/wp-json\/wp\/v2\/categories?post=1109"},{"taxonomy":"post_tag","embeddable":true,"href":"https:\/\/divulga.unila.edu.br\/interclinica\/wp-json\/wp\/v2\/tags?post=1109"}],"curies":[{"name":"wp","href":"https:\/\/api.w.org\/{rel}","templated":true}]}}